{"id":68817,"date":"2020-10-19T07:03:21","date_gmt":"2020-10-19T05:03:21","guid":{"rendered":"http:\/\/www.deedeeparis.com\/blog\/?p=68817"},"modified":"2020-10-19T10:14:23","modified_gmt":"2020-10-19T08:14:23","slug":"ma-week-list-341","status":"publish","type":"post","link":"https:\/\/www.deedeeparis.com\/blog\/ma-week-list-341","title":{"rendered":"Ma Week List #341"},"content":{"rendered":"<p><span style=\"font-weight: 400;\">Hello la compagnie ! Ces premi\u00e8res semaines d\u2019automne sont comment dire&#8230; un peu ternes : la m\u00e9t\u00e9o, les nouvelles, l\u2019ambiance morose sans les bars et les caf\u00e9s bref la l\u00e9g\u00e8ret\u00e9 de l\u2019\u00e9t\u00e9 semble d\u00e9j\u00e0 loin.\u00a0<\/span><\/p>\n<p><span style=\"font-weight: 400;\">Mais l\u2019\u00e9criture de cette Week List (la deuxi\u00e8me pour ma part, oui c\u2019est <a href=\"https:\/\/www.instagram.com\/cam.illecous\/\" target=\"_blank\" rel=\"noopener noreferrer\">Camille<\/a> qui \u00e9crit !) a mis de la couleur, de l\u2019\u00e9nergie et des ondes positives dans ma semaine, j\u2019esp\u00e8re que cela sera de m\u00eame pour vous !<\/span><\/p>\n<p><span style=\"font-weight: 400;\">Pour l\u2019heure, nouvelle semaine, nouveaux coups de coeur. Cette semaine, j\u2019aime :<\/span><\/p>\n<h2 class=\"stabylo\">Le cours de cuisine pour se faire cuire un oeuf<\/h2>\n<p><a href=\"https:\/\/www.deedeeparis.com\/blog\/wp-content\/uploads\/2020\/09\/Cuire-un-oeuf-scaled.jpeg\"><img loading=\"lazy\" decoding=\"async\" class=\"aligncenter size-large wp-image-68808\" src=\"https:\/\/www.deedeeparis.com\/blog\/wp-content\/uploads\/2020\/09\/Cuire-un-oeuf-817x1024.jpeg\" alt=\"\" width=\"640\" height=\"802\" srcset=\"https:\/\/www.deedeeparis.com\/blog\/wp-content\/uploads\/2020\/09\/Cuire-un-oeuf-817x1024.jpeg 817w, https:\/\/www.deedeeparis.com\/blog\/wp-content\/uploads\/2020\/09\/Cuire-un-oeuf-768x963.jpeg 768w, https:\/\/www.deedeeparis.com\/blog\/wp-content\/uploads\/2020\/09\/Cuire-un-oeuf-1226x1536.jpeg 1226w, https:\/\/www.deedeeparis.com\/blog\/wp-content\/uploads\/2020\/09\/Cuire-un-oeuf-1634x2048.jpeg 1634w, https:\/\/www.deedeeparis.com\/blog\/wp-content\/uploads\/2020\/09\/Cuire-un-oeuf-600x752.jpeg 600w, https:\/\/www.deedeeparis.com\/blog\/wp-content\/uploads\/2020\/09\/Cuire-un-oeuf-scaled.jpeg 2043w\" sizes=\"auto, (max-width: 640px) 100vw, 640px\" \/><\/a><\/p>\n<p style=\"text-align: center;\"><em>\u00a9 Amr Serag @amrserag<\/em><\/p>\n<p>Aller se faire cuire un oeuf ? Pas si simple qu&rsquo;il\u00a0 n&rsquo;y parait (surtout l&rsquo;oeuf poch\u00e9, que j&rsquo;aime d\u00e9guster autant que j&rsquo;abhorre pr\u00e9parer). Heureusement, <a href=\"https:\/\/seasonly.fr\/blogs\/news\/comment-cuire-un-oeuf\" target=\"_blank\" rel=\"noopener noreferrer\">Seasonly<\/a> est l\u00e0 !<\/p>\n<h2 class=\"stabylo\">Chaud cacao<\/h2>\n<p style=\"text-align: center;\"><img loading=\"lazy\" decoding=\"async\" class=\"size-full wp-image-68853 aligncenter\" src=\"https:\/\/www.deedeeparis.com\/blog\/wp-content\/uploads\/2020\/10\/cacao-glow.jpg\" alt=\"\" width=\"600\" height=\"600\" srcset=\"https:\/\/www.deedeeparis.com\/blog\/wp-content\/uploads\/2020\/10\/cacao-glow.jpg 600w, https:\/\/www.deedeeparis.com\/blog\/wp-content\/uploads\/2020\/10\/cacao-glow-150x150.jpg 150w\" sizes=\"auto, (max-width: 600px) 100vw, 600px\" \/><\/p>\n<p style=\"text-align: center;\"><em>\u00a9 Aimeskincare<\/em><\/p>\n<p><span style=\"font-weight: 400;\">L\u2019automne s\u2019installe et avec lui la douce saison du chocolat chaud, timing parfait <\/span><a href=\"https:\/\/aime.co\/fr\/inside\/189-cacao-glow.html\"><span style=\"font-weight: 400;\">Aime Skincare sort Cacao Glow<\/span><\/a><span style=\"font-weight: 400;\"> ! Un compl\u00e9ment alimentaire \u00e0 boire avec le lait de son choix, associant du cacao bio, du collag\u00e8ne marin et de la maca, plante adaptog\u00e8ne, qui apporte des b\u00e9n\u00e9fices pour la peau mais aussi les cheveux et les ongles.<\/span><\/p>\n<h2 class=\"stabylo\">Les petites annonces<\/h2>\n<p style=\"text-align: center;\"><img loading=\"lazy\" decoding=\"async\" class=\"aligncenter wp-image-68854 size-large\" src=\"https:\/\/www.deedeeparis.com\/blog\/wp-content\/uploads\/2020\/10\/71-683x1024.jpg\" alt=\"\" width=\"640\" height=\"960\" srcset=\"https:\/\/www.deedeeparis.com\/blog\/wp-content\/uploads\/2020\/10\/71-683x1024.jpg 683w, https:\/\/www.deedeeparis.com\/blog\/wp-content\/uploads\/2020\/10\/71-768x1152.jpg 768w, https:\/\/www.deedeeparis.com\/blog\/wp-content\/uploads\/2020\/10\/71-1024x1536.jpg 1024w, https:\/\/www.deedeeparis.com\/blog\/wp-content\/uploads\/2020\/10\/71-1365x2048.jpg 1365w, https:\/\/www.deedeeparis.com\/blog\/wp-content\/uploads\/2020\/10\/71-600x900.jpg 600w, https:\/\/www.deedeeparis.com\/blog\/wp-content\/uploads\/2020\/10\/71-scaled.jpg 1707w\" sizes=\"auto, (max-width: 640px) 100vw, 640px\" \/><\/p>\n<p style=\"text-align: center;\"><em>\u00a9 ameliepichard<\/em><\/p>\n<p><span style=\"font-weight: 400;\">La cr\u00e9atrice Am\u00e9lie Pichard lance <\/span><a href=\"https:\/\/les-petites-annonces.ameliepichard.com\/\"><span style=\"font-weight: 400;\">un site<\/span><\/a><span style=\"font-weight: 400;\"> pour acheter et revendre les mod\u00e8les collectors ou introuvables de sa marque qui (pour certaines) dorment dans nos placards. Une des meilleures initiatives mode de 2020.<\/span><\/p>\n<h2 class=\"stabylo\">Madame est servie !<\/h2>\n<p style=\"text-align: center;\"><img loading=\"lazy\" decoding=\"async\" class=\"aligncenter wp-image-68855 size-full\" src=\"https:\/\/www.deedeeparis.com\/blog\/wp-content\/uploads\/2020\/10\/il_794xN.2526434686_oa63.jpg\" alt=\"\" width=\"794\" height=\"596\" srcset=\"https:\/\/www.deedeeparis.com\/blog\/wp-content\/uploads\/2020\/10\/il_794xN.2526434686_oa63.jpg 794w, https:\/\/www.deedeeparis.com\/blog\/wp-content\/uploads\/2020\/10\/il_794xN.2526434686_oa63-768x576.jpg 768w, https:\/\/www.deedeeparis.com\/blog\/wp-content\/uploads\/2020\/10\/il_794xN.2526434686_oa63-600x450.jpg 600w\" sizes=\"auto, (max-width: 794px) 100vw, 794px\" \/><\/p>\n<p style=\"text-align: center;\"><em>\u00a9 Farm Hill Wood Shoop<\/em><\/p>\n<p><span style=\"font-weight: 400;\">L\u2019objet de nos envies cette semaine ce sont <\/span><span style=\"font-weight: 400;\">ces <a href=\"https:\/\/bit.ly\/3mICrvl\" target=\"_blank\" rel=\"noopener noreferrer\">plateaux en bois<\/a><\/span><span style=\"font-weight: 400;\">, pour des d\u00eeners plateaux repas devant la t\u00e9l\u00e9, un go\u00fbter en regardant la pluie tomber ou pour servir l\u2019ap\u00e9ro aux copains (avant 21h bien s\u00fbr). Bref qu\u2019on se le dise le plateau in-di-spen-sable.<\/span><\/p>\n<h2 class=\"stabylo\">Fais le toi-m\u00eame : <b>une table de nuit trompe l\u2019oeil<\/b><\/h2>\n<p style=\"text-align: center;\"><img loading=\"lazy\" decoding=\"async\" class=\"aligncenter wp-image-68856 size-large\" src=\"https:\/\/www.deedeeparis.com\/blog\/wp-content\/uploads\/2020\/10\/Wall-Painted-Arches-1-5-683x1024.jpg\" alt=\"\" width=\"640\" height=\"960\" srcset=\"https:\/\/www.deedeeparis.com\/blog\/wp-content\/uploads\/2020\/10\/Wall-Painted-Arches-1-5-683x1024.jpg 683w, https:\/\/www.deedeeparis.com\/blog\/wp-content\/uploads\/2020\/10\/Wall-Painted-Arches-1-5-768x1152.jpg 768w, https:\/\/www.deedeeparis.com\/blog\/wp-content\/uploads\/2020\/10\/Wall-Painted-Arches-1-5-1024x1536.jpg 1024w, https:\/\/www.deedeeparis.com\/blog\/wp-content\/uploads\/2020\/10\/Wall-Painted-Arches-1-5-600x900.jpg 600w, https:\/\/www.deedeeparis.com\/blog\/wp-content\/uploads\/2020\/10\/Wall-Painted-Arches-1-5.jpg 1080w\" sizes=\"auto, (max-width: 640px) 100vw, 640px\" \/><\/p>\n<p style=\"text-align: center;\"><em>\u00a9 Fall for diy<\/em><\/p>\n<p><span style=\"font-weight: 400;\">Envie de r\u00e9chauffer votre coin nuit ? <\/span><a href=\"https:\/\/fallfordiy.com\/blog\/2020\/07\/29\/how-to-diy-painted-wall-arches\/\"><span style=\"font-weight: 400;\">Voici un DIY<\/span><\/a><span style=\"font-weight: 400;\"> des plus cr\u00e9atifs pour donner un coup de neuf \u00e0 votre chambre. Une activit\u00e9 simple et efficace pour les apr\u00e8s-midis d\u2019hiver qui approchent.<\/span><\/p>\n<h2 class=\"stabylo\">lavilleetlesnuages, le retour<\/h2>\n<p style=\"text-align: center;\"><img loading=\"lazy\" decoding=\"async\" class=\"aligncenter wp-image-68858 size-large\" src=\"https:\/\/www.deedeeparis.com\/blog\/wp-content\/uploads\/2020\/10\/WINEO.CLOCKSITE-1024x1024.jpg\" alt=\"\" width=\"640\" height=\"640\" srcset=\"https:\/\/www.deedeeparis.com\/blog\/wp-content\/uploads\/2020\/10\/WINEO.CLOCKSITE-1024x1024.jpg 1024w, https:\/\/www.deedeeparis.com\/blog\/wp-content\/uploads\/2020\/10\/WINEO.CLOCKSITE-768x768.jpg 768w, https:\/\/www.deedeeparis.com\/blog\/wp-content\/uploads\/2020\/10\/WINEO.CLOCKSITE-1536x1536.jpg 1536w, https:\/\/www.deedeeparis.com\/blog\/wp-content\/uploads\/2020\/10\/WINEO.CLOCKSITE-2048x2048.jpg 2048w, https:\/\/www.deedeeparis.com\/blog\/wp-content\/uploads\/2020\/10\/WINEO.CLOCKSITE-150x150.jpg 150w, https:\/\/www.deedeeparis.com\/blog\/wp-content\/uploads\/2020\/10\/WINEO.CLOCKSITE-600x600.jpg 600w\" sizes=\"auto, (max-width: 640px) 100vw, 640px\" \/><\/p>\n<p style=\"text-align: center;\"><em>\u00a9 Lavilleetlesnuages<\/em><\/p>\n<p><span style=\"font-weight: 400;\">Louise, l\u2019illustratrice parisienne de <a href=\"https:\/\/www.instagram.com\/lavilletlesnuages\/\">lavilleetlesnuages<\/a> est de retour avec un nouvel <a href=\"https:\/\/clubnuages.com\/le-shop\">eshop<\/a> ! <\/span><span style=\"font-weight: 400;\">Vous l\u2019aurez compris, cette Week List est tr\u00e8s color\u00e9e.<\/span><\/p>\n<h2 class=\"stabylo\">Quand je marche &#8211; ben mazu\u00e9<\/h2>\n<p><span style=\"font-weight: 400;\">Nouveau titre du chanteur fran\u00e7ais, un son qui comme l\u2019annonce son titre donne envie de marcher, courir, dans la for\u00eat, sur le bitume, sur la plage, pour faire une pause dans ce monde si press\u00e9. Vivement l\u2019album !<\/span><\/p>\n<p><iframe title=\"Spotify Embed: Quand je marche\" style=\"border-radius: 12px\" width=\"100%\" height=\"152\" frameborder=\"0\" allowfullscreen allow=\"autoplay; clipboard-write; encrypted-media; fullscreen; picture-in-picture\" loading=\"lazy\" src=\"https:\/\/open.spotify.com\/embed\/track\/0unRBlo7dFkpEQSMAZOM7Q?utm_source=oembed\"><\/iframe><\/p>\n<p>Voil\u00e0, c&rsquo;est tout pour aujourd&rsquo;hui. Prenez soin de vous !<\/p>\n<p><em><strong>Par Camille Cousi<\/strong><\/em><\/p>\n","protected":false},"excerpt":{"rendered":"<p>Hello la compagnie ! Ces premi\u00e8res semaines d\u2019automne sont comment dire&#8230; un peu ternes : la m\u00e9t\u00e9o, les nouvelles, l\u2019ambiance morose sans les bars et les caf\u00e9s bref la l\u00e9g\u00e8ret\u00e9 de l\u2019\u00e9t\u00e9 semble d\u00e9j\u00e0 loin.\u00a0 Mais l\u2019\u00e9criture de cette Week List (la deuxi\u00e8me pour ma part, oui c\u2019est Camille qui \u00e9crit !) a mis de [&hellip;]<\/p>\n","protected":false},"author":2,"featured_media":68853,"comment_status":"open","ping_status":"open","sticky":false,"template":"","format":"standard","meta":{"_acf_changed":false,"footnotes":""},"categories":[8],"tags":[6146,9804,438,7627,4884,6941,9803],"class_list":["post-68817","post","type-post","status-publish","format-standard","has-post-thumbnail","hentry","category-chroniques-de-paris","tag-chocolat-chaud","tag-couleurs","tag-cuisine","tag-decouverte-musicale","tag-diy","tag-idees-diy","tag-illustrations"],"acf":[],"geo":null,"_links":{"self":[{"href":"https:\/\/www.deedeeparis.com\/blog\/wp-json\/wp\/v2\/posts\/68817","targetHints":{"allow":["GET"]}}],"collection":[{"href":"https:\/\/www.deedeeparis.com\/blog\/wp-json\/wp\/v2\/posts"}],"about":[{"href":"https:\/\/www.deedeeparis.com\/blog\/wp-json\/wp\/v2\/types\/post"}],"author":[{"embeddable":true,"href":"https:\/\/www.deedeeparis.com\/blog\/wp-json\/wp\/v2\/users\/2"}],"replies":[{"embeddable":true,"href":"https:\/\/www.deedeeparis.com\/blog\/wp-json\/wp\/v2\/comments?post=68817"}],"version-history":[{"count":14,"href":"https:\/\/www.deedeeparis.com\/blog\/wp-json\/wp\/v2\/posts\/68817\/revisions"}],"predecessor-version":[{"id":68867,"href":"https:\/\/www.deedeeparis.com\/blog\/wp-json\/wp\/v2\/posts\/68817\/revisions\/68867"}],"wp:featuredmedia":[{"embeddable":true,"href":"https:\/\/www.deedeeparis.com\/blog\/wp-json\/wp\/v2\/media\/68853"}],"wp:attachment":[{"href":"https:\/\/www.deedeeparis.com\/blog\/wp-json\/wp\/v2\/media?parent=68817"}],"wp:term":[{"taxonomy":"category","embeddable":true,"href":"https:\/\/www.deedeeparis.com\/blog\/wp-json\/wp\/v2\/categories?post=68817"},{"taxonomy":"post_tag","embeddable":true,"href":"https:\/\/www.deedeeparis.com\/blog\/wp-json\/wp\/v2\/tags?post=68817"}],"curies":[{"name":"wp","href":"https:\/\/api.w.org\/{rel}","templated":true}]}}