{"id":68990,"date":"2020-11-23T07:03:46","date_gmt":"2020-11-23T06:03:46","guid":{"rendered":"http:\/\/www.deedeeparis.com\/blog\/?p=68990"},"modified":"2020-11-20T10:01:19","modified_gmt":"2020-11-20T09:01:19","slug":"ma-week-list-342","status":"publish","type":"post","link":"https:\/\/www.deedeeparis.com\/blog\/ma-week-list-342","title":{"rendered":"Ma Week List #342"},"content":{"rendered":"<p>Hello la compagnie\u00a0! J\u2019esp\u00e8re que vous allez bien, que votre confinement se passe bien et que le moral est bon gr\u00e2ce \u00e0 tous ces lives de yoga, workout, m\u00e9ditation et autre training visage qui ont fait leurs retours sur les r\u00e9seaux sociaux\u00a0!<\/p>\n<p>Pour l\u2019heure, nouvelle semaine, nouveaux coups de c\u0153ur. Cette semaine, j\u2019aime :<\/p>\n<h2 class=\"stabylo\"><strong>Le Bon Coin x SuperMarch\u00e9<\/strong><\/h2>\n<p><img loading=\"lazy\" decoding=\"async\" class=\"size-medium wp-image-68995 aligncenter\" src=\"https:\/\/www.deedeeparis.com\/blog\/wp-content\/uploads\/2020\/11\/le-bon-coin-supermarche-collab-mode-sustainable-plus-cool-cette-fin-annee-600x338.jpg\" alt=\"\" width=\"600\" height=\"338\" srcset=\"https:\/\/www.deedeeparis.com\/blog\/wp-content\/uploads\/2020\/11\/le-bon-coin-supermarche-collab-mode-sustainable-plus-cool-cette-fin-annee-600x338.jpg 600w, https:\/\/www.deedeeparis.com\/blog\/wp-content\/uploads\/2020\/11\/le-bon-coin-supermarche-collab-mode-sustainable-plus-cool-cette-fin-annee-768x432.jpg 768w, https:\/\/www.deedeeparis.com\/blog\/wp-content\/uploads\/2020\/11\/le-bon-coin-supermarche-collab-mode-sustainable-plus-cool-cette-fin-annee-1536x864.jpg 1536w, https:\/\/www.deedeeparis.com\/blog\/wp-content\/uploads\/2020\/11\/le-bon-coin-supermarche-collab-mode-sustainable-plus-cool-cette-fin-annee-1024x576.jpg 1024w, https:\/\/www.deedeeparis.com\/blog\/wp-content\/uploads\/2020\/11\/le-bon-coin-supermarche-collab-mode-sustainable-plus-cool-cette-fin-annee.jpg 1614w\" sizes=\"auto, (max-width: 600px) 100vw, 600px\" \/><\/p>\n<p style=\"text-align: center;\"><em>\u00a9 LE BON COIN X SUPERMARCH\u00c9<\/em><\/p>\n<p>Alors l\u00e0 on se dit, elles ont fum\u00e9 la moquette, une collaboration avec Le Bon Coin\u00a0?<\/p>\n<p>Et bien c\u2019est le cas\u00a0! La jolie marque <a href=\"https:\/\/supermarcheparis.com\/\">SuperMarch\u00e9<\/a> qui transforme des v\u00eatements de seconde main en des mod\u00e8les pens\u00e9s pour avoir du style s&rsquo;associe au Bon Coin pour une collection disponible en \u00e9dition tr\u00e8s limit\u00e9e avec des prix entre 5 et 95 euros. \u00c0 d\u00e9couvrir d\u00e8s le 3 d\u00e9cembre sur le site du Bon Coin.<\/p>\n<h2 class=\"stabylo\"><strong>Ex<\/strong><\/h2>\n<p><img loading=\"lazy\" decoding=\"async\" class=\"size-medium wp-image-68996 aligncenter\" src=\"https:\/\/www.deedeeparis.com\/blog\/wp-content\/uploads\/2020\/11\/visuel-podcast-ex-square-600x600.jpg\" alt=\"\" width=\"600\" height=\"600\" \/><\/p>\n<p style=\"text-align: center;\"><em>\u00a9 EX<\/em><\/p>\n<p style=\"text-align: left;\">L\u2019avantage du confinement c\u2019est qu\u2019on peut rattraper son retard de podcasts\u00a0! Comme <a href=\"https:\/\/podcasts.apple.com\/fr\/podcast\/ex\/id1503701694\">Ex<\/a> produit par Agathe Lecaron qui nous fait d\u00e9couvrir des t\u00e9moignages d&rsquo;anonymes ayant v\u00e9cu des histoires d&rsquo;amour qui ont tout chang\u00e9 dans leurs vies. Mieux que des t\u00e9l\u00e9films de No\u00ebl\u00a0!<\/p>\n<h2 class=\"stabylo\"><strong>Fini le sac \u00e0 pain<\/strong><\/h2>\n<p><img loading=\"lazy\" decoding=\"async\" class=\"size-medium wp-image-68997 aligncenter\" src=\"https:\/\/www.deedeeparis.com\/blog\/wp-content\/uploads\/2020\/11\/78179685_272848804122466_2292125399066345472_o-600x400.jpg\" alt=\"\" width=\"600\" height=\"400\" \/><\/p>\n<p style=\"text-align: center;\"><em>\u00a9 AbradaPain<\/em><\/p>\n<p>Il y a quelques semaines je me faisais la r\u00e9flexion que les sacs en papier pour les baguettes ou les sacs en papier (certes parfois recyclables) pour les miches de pain devaient avoir une alternative. C\u2019est chose faite gr\u00e2ce \u00e0 <a href=\"https:\/\/abracadapain.fr\/\">Abracadapain<\/a>, \u00ab\u00a0le sac r\u00e9volutionnaire qui fait du bien\u00a0\u00e0 la plan\u00e8te et au porte-monnaie\u00a0\u00bb\u00a0!<\/p>\n<h2 class=\"stabylo\"><strong>Des bijoux, des bijoux et encore des bijoux<\/strong><\/h2>\n<p style=\"text-align: center;\"><img loading=\"lazy\" decoding=\"async\" class=\"size-medium wp-image-68998 aligncenter\" src=\"https:\/\/www.deedeeparis.com\/blog\/wp-content\/uploads\/2020\/11\/il_fullxfull.2544115854_bvzc-600x900.jpg\" alt=\"\" width=\"600\" height=\"900\" srcset=\"https:\/\/www.deedeeparis.com\/blog\/wp-content\/uploads\/2020\/11\/il_fullxfull.2544115854_bvzc-600x900.jpg 600w, https:\/\/www.deedeeparis.com\/blog\/wp-content\/uploads\/2020\/11\/il_fullxfull.2544115854_bvzc-768x1152.jpg 768w, https:\/\/www.deedeeparis.com\/blog\/wp-content\/uploads\/2020\/11\/il_fullxfull.2544115854_bvzc-1024x1536.jpg 1024w, https:\/\/www.deedeeparis.com\/blog\/wp-content\/uploads\/2020\/11\/il_fullxfull.2544115854_bvzc-683x1024.jpg 683w, https:\/\/www.deedeeparis.com\/blog\/wp-content\/uploads\/2020\/11\/il_fullxfull.2544115854_bvzc.jpg 1200w\" sizes=\"auto, (max-width: 600px) 100vw, 600px\" \/><\/p>\n<p style=\"text-align: center;\"><em>\u00a9 Alice&amp;coStore<\/em><\/p>\n<p>D\u00e9couverte de la semaine, la marque de bijoux <a href=\"https:\/\/www.etsy.com\/fr\/shop\/alicecostore?ref=usf_2020&amp;page=1#items&amp;awc=7432_1604995054_cac21c4fdc2db7947c9184646c0f078b&amp;utm_medium=affiliate&amp;utm_source=affiliate_window&amp;utm_campaign=fr_buyer&amp;utm_content=136348&amp;utm_term=146067\">Alice &amp; Co<\/a>, disponible sur Etsy, de jolis bijoux qui m\u00ealent or et perles d\u2019eau douce. Coup de c\u0153ur pour <a href=\"https:\/\/www.etsy.com\/fr\/listing\/811546457\/bracelet-perle-deau-douce-des-annees-90?ref=shop_home_active_36&amp;crt=1&amp;awc=7432_1604995083_d3f7eea8d17168f3192c8d17649d5141&amp;utm_medium=affiliate&amp;utm_source=affiliate_window&amp;utm_campaign=fr_buyer&amp;utm_content=136348&amp;utm_term=146067\">ce bracelet<\/a> d\u00e9clin\u00e9 en <a href=\"https:\/\/www.etsy.com\/fr\/listing\/797667088\/90s-cheville-perliere-de-perles-deau?ref=shop_home_active_35&amp;crt=1&amp;awc=7432_1604995078_411f2eae57907847fe59eadf71df46aa&amp;utm_medium=affiliate&amp;utm_source=affiliate_window&amp;utm_campaign=fr_buyer&amp;utm_content=136348&amp;utm_term=146067\">bracelet de chevilles<\/a> qui rappellent les ann\u00e9es 90 et <a href=\"https:\/\/www.etsy.com\/fr\/listing\/710852742\/perles-enveloppement-doreille-manchette?ref=shop_home_active_59&amp;crt=1&amp;awc=7432_1604995090_1caeb2d21600ec05b31721efa388003f&amp;utm_medium=affiliate&amp;utm_source=affiliate_window&amp;utm_campaign=fr_buyer&amp;utm_content=136348&amp;utm_term=146067\">cette bague<\/a> d\u2019oreille en perles pour les filles (comme moi\u00a0!) qui n\u2019ont pas les oreilles perc\u00e9es mais se laisseraient bien tenter de temps en temps.<\/p>\n<h2 class=\"stabylo\"><strong>The Good Live<\/strong><\/h2>\n<p>&nbsp;<\/p>\n<p><img loading=\"lazy\" decoding=\"async\" class=\"size-medium wp-image-69001 aligncenter\" src=\"https:\/\/www.deedeeparis.com\/blog\/wp-content\/uploads\/2020\/11\/pexels-cottonbro-4056535-600x400.jpg\" alt=\"\" width=\"600\" height=\"400\" \/><\/p>\n<p style=\"text-align: center;\"><em>Photo \u00a9cottonbro<\/em><\/p>\n<p>Comme je le disais en intro de cette Week List, les lives ont repris de plus belle sur Instagram, toutes les marques ou concepts s\u2019y mettent, difficile de s\u2019y retrouver.<\/p>\n<p>Certains valent le coup alors pour y voir plus clair on s\u2019abonne au compte <a href=\"https:\/\/www.instagram.com\/thegoodlive.fr\/\">The Good Live<\/a> qui tous les jours propose une s\u00e9lection de lives.<\/p>\n<h2 class=\"stabylo\"><strong>Fais le toi-m\u00eame\u00a0: ta d\u00e9coration de No\u00ebl<\/strong><\/h2>\n<p><img loading=\"lazy\" decoding=\"async\" class=\"size-full wp-image-69002 aligncenter\" src=\"https:\/\/www.deedeeparis.com\/blog\/wp-content\/uploads\/2020\/11\/Jesus-Sauvage-DIY-Pilot-Pintor-8-e1604999294624.jpg\" alt=\"\" width=\"520\" height=\"800\" \/><\/p>\n<p style=\"text-align: center;\"><em>Photo \u00a9JesusSauvage<\/em><\/p>\n<p>Cette ann\u00e9e la magie de No\u00ebl risque d\u2019arriver un peu plus t\u00f4t, pour y aller crescendo ce <a href=\"https:\/\/jesus-sauvage.com\/pour-noel-pimp-tes-fenetres-printable\/\">DIY de d\u00e9corations de fen\u00eatres<\/a> saura vous occuper pendant ces jours de confinement. Une activit\u00e9 \u00e0 partager en couple, avec ses enfants ou pendant les interminables Zooms\u00a0\ud83d\ude09<\/p>\n<h2 class=\"stabylo\"><strong>Paradis<\/strong><\/h2>\n<p>Dans la Week List #341 je vous parlais du nouveau titre de Ben Mazu\u00e9, Quand je marche, chanceuses que nous sommes l\u2019album est sorti il y a deux semaines. Une jolie balade \u00e0 \u00e9couter depuis son canap\u00e9 !<\/p>\n<p><iframe title=\"Spotify Embed: Grand Corps Malade - Ses meilleurs sons\" style=\"border-radius: 12px\" width=\"100%\" height=\"352\" frameborder=\"0\" allowfullscreen allow=\"autoplay; clipboard-write; encrypted-media; fullscreen; picture-in-picture\" loading=\"lazy\" src=\"https:\/\/open.spotify.com\/embed\/playlist\/5uVgvzDbYs03SvgiN8b8ic?utm_source=oembed\"><\/iframe><\/p>\n<p>Voil\u00e0, c\u2019est tout pour aujourd\u2019hui. Prenez soin de vous !<\/p>\n<p><em>Par Camille Cousi<\/em><\/p>\n","protected":false},"excerpt":{"rendered":"<p>Hello la compagnie\u00a0! J\u2019esp\u00e8re que vous allez bien, que votre confinement se passe bien et que le moral est bon gr\u00e2ce \u00e0 tous ces lives de yoga, workout, m\u00e9ditation et autre training visage qui ont fait leurs retours sur les r\u00e9seaux sociaux\u00a0! Pour l\u2019heure, nouvelle semaine, nouveaux coups de c\u0153ur. Cette semaine, j\u2019aime : Le [&hellip;]<\/p>\n","protected":false},"author":30,"featured_media":68995,"comment_status":"open","ping_status":"open","sticky":false,"template":"","format":"standard","meta":{"_acf_changed":false,"footnotes":""},"categories":[8],"tags":[582,1378,4884,6941,9815,92],"class_list":["post-68990","post","type-post","status-publish","format-standard","has-post-thumbnail","hentry","category-chroniques-de-paris","tag-bijoux","tag-deco","tag-diy","tag-idees-diy","tag-peau","tag-shopping"],"acf":[],"geo":null,"_links":{"self":[{"href":"https:\/\/www.deedeeparis.com\/blog\/wp-json\/wp\/v2\/posts\/68990","targetHints":{"allow":["GET"]}}],"collection":[{"href":"https:\/\/www.deedeeparis.com\/blog\/wp-json\/wp\/v2\/posts"}],"about":[{"href":"https:\/\/www.deedeeparis.com\/blog\/wp-json\/wp\/v2\/types\/post"}],"author":[{"embeddable":true,"href":"https:\/\/www.deedeeparis.com\/blog\/wp-json\/wp\/v2\/users\/30"}],"replies":[{"embeddable":true,"href":"https:\/\/www.deedeeparis.com\/blog\/wp-json\/wp\/v2\/comments?post=68990"}],"version-history":[{"count":7,"href":"https:\/\/www.deedeeparis.com\/blog\/wp-json\/wp\/v2\/posts\/68990\/revisions"}],"predecessor-version":[{"id":69016,"href":"https:\/\/www.deedeeparis.com\/blog\/wp-json\/wp\/v2\/posts\/68990\/revisions\/69016"}],"wp:featuredmedia":[{"embeddable":true,"href":"https:\/\/www.deedeeparis.com\/blog\/wp-json\/wp\/v2\/media\/68995"}],"wp:attachment":[{"href":"https:\/\/www.deedeeparis.com\/blog\/wp-json\/wp\/v2\/media?parent=68990"}],"wp:term":[{"taxonomy":"category","embeddable":true,"href":"https:\/\/www.deedeeparis.com\/blog\/wp-json\/wp\/v2\/categories?post=68990"},{"taxonomy":"post_tag","embeddable":true,"href":"https:\/\/www.deedeeparis.com\/blog\/wp-json\/wp\/v2\/tags?post=68990"}],"curies":[{"name":"wp","href":"https:\/\/api.w.org\/{rel}","templated":true}]}}