{"id":69401,"date":"2020-12-21T07:03:29","date_gmt":"2020-12-21T06:03:29","guid":{"rendered":"http:\/\/www.deedeeparis.com\/blog\/?p=69401"},"modified":"2020-12-20T19:02:18","modified_gmt":"2020-12-20T18:02:18","slug":"ma-week-list-344","status":"publish","type":"post","link":"https:\/\/www.deedeeparis.com\/blog\/ma-week-list-344","title":{"rendered":"Ma Week List #344"},"content":{"rendered":"<p>Et voil\u00e0 nous y sommes LA semaine de No\u00ebl ! Ann\u00e9e 2020 oblige, ces festivit\u00e9s seront un peu sp\u00e9ciales, mais justement est-ce que \u00e7a ne serait pas le moment d\u2019en faire un No\u00ebl encore plus magique ? En prenant le temps de vraiment en profiter, en petit comit\u00e9, se retrouver, discuter, se raconter des contes de No\u00ebl, pour une vraie parenth\u00e8se dans un quotidien quelque peu chamboul\u00e9.<\/p>\n<p>Pour l\u2019heure, nouvelle semaine, nouveaux coups de c\u0153ur. Cette semaine, j\u2019aime :<\/p>\n<h2 class=\"stabylo\"><strong>DIM DAm DOM<\/strong><\/h2>\n<p style=\"text-align: center;\"><img loading=\"lazy\" decoding=\"async\" class=\"size-medium wp-image-69405 aligncenter\" src=\"https:\/\/www.deedeeparis.com\/blog\/wp-content\/uploads\/2020\/12\/70494037_886348818401510_4617716083791495168_o-600x600.jpg\" alt=\"\" width=\"600\" height=\"600\" \/><\/p>\n<p style=\"text-align: center;\"><em>\u00a9 Dim Dam Dom<\/em><\/p>\n<p>J\u2019ai toujours \u00e9t\u00e9 une fid\u00e8le lectrice de magazines f\u00e9minins, j\u2019aime les acheter le vendredi en partant en week-end ou en rentrant du boulot et les lire au petit-d\u00e9jeuner le samedi matin, c\u2019est un indispensable de ma semaine.<br \/>\nR\u00e9cemment j\u2019ai d\u00e9couvert <a href=\"https:\/\/dimdamdom.thegoodhub.com\/\">Dim Dam Dom<\/a> et c\u2019est un coup de c\u0153ur\u00a0! Les articles, les photos, les illustrations, bref longue vie \u00e0 la presse\u00a0papier\u00a0!<\/p>\n<h2 class=\"stabylo\"><strong>la t\u00eate d&rsquo;affiche<\/strong><\/h2>\n<p style=\"text-align: center;\"><img loading=\"lazy\" decoding=\"async\" class=\"size-medium wp-image-69406 aligncenter\" src=\"https:\/\/www.deedeeparis.com\/blog\/wp-content\/uploads\/2020\/12\/il_1588xN.2204655476_1kuf-600x477.jpg\" alt=\"\" width=\"600\" height=\"477\" \/><\/p>\n<p style=\"text-align: center;\"><em>\u00a9 Le Cartel Fran\u00e7ais<\/em><\/p>\n<p>En cherchant des id\u00e9es de cadeaux je suis tomb\u00e9e sur cette jolie marque fran\u00e7aise<a href=\"https:\/\/www.etsy.com\/fr\/shop\/LeCarteFrancais?ref=simple-shop-header-name&amp;listing_id=814589990&amp;page=2#items\"> Le Cartel Fran\u00e7ais<\/a> et ses affiches dr\u00f4les, d\u00e9cal\u00e9es et originales. Certaines avec des r\u00e9f\u00e9rences \u00e0 des films, des personnalit\u00e9s ou encore des d\u00e9finitions. Simple, efficace et joli, tout ce qu\u2019on aime\u00a0!<\/p>\n<h2 class=\"stabylo\">Fais le toi-m\u00eame<\/h2>\n<p style=\"text-align: center;\"><img loading=\"lazy\" decoding=\"async\" class=\"size-medium wp-image-69407 aligncenter\" src=\"https:\/\/www.deedeeparis.com\/blog\/wp-content\/uploads\/2020\/12\/IMG_8251-600x900.jpg\" alt=\"\" width=\"600\" height=\"900\" \/><\/p>\n<p style=\"text-align: center;\"><em>\u00a9 Lilyardor<\/em><\/p>\n<p>Une jolie table \u00e0 No\u00ebl c\u2019est indispensable, <a href=\"https:\/\/www.lilyardor.com\/diy-centerpiece\/\">voici une id\u00e9e<\/a>, aussi jolie que po\u00e9tique elle ne vous demandera pas beaucoup de temps, vous pouvez m\u00eame utiliser quelques branches de votre sapin ! Une id\u00e9e \u00e0 reprendre tout au long de l&rsquo;ann\u00e9e.<\/p>\n<h2 class=\"stabylo\">Tu veux voir ma truffe ?<\/h2>\n<p style=\"text-align: center;\"><img loading=\"lazy\" decoding=\"async\" class=\"size-medium wp-image-69408 aligncenter\" src=\"https:\/\/www.deedeeparis.com\/blog\/wp-content\/uploads\/2020\/12\/Capture-de\u0301cran-2020-12-20-a\u0300-18.45.54-600x756.png\" alt=\"\" width=\"600\" height=\"756\" \/><\/p>\n<p style=\"text-align: center;\"><em>\u00a9 MarieClaire.fr<\/em><\/p>\n<p>En panne d\u2019id\u00e9e cadeaux ? Et si pour une fois vous mettiez la main \u00e0 la p\u00e2te ? Les truffes sont faciles \u00e0 faire et sont un vrai plaisir pour les papilles. A disposer dans une jolie bo\u00eete en fer et le tour est jou\u00e9 ! Il existe autant de recettes de truffes que de mangeurs de truffes, je vous laisse trouver la v\u00f4tre \ud83d\ude42<\/p>\n<h2 class=\"stabylo\">Les couleurs de 2021<\/h2>\n<p style=\"text-align: center;\"><img loading=\"lazy\" decoding=\"async\" class=\"size-medium wp-image-69409 aligncenter\" src=\"https:\/\/www.deedeeparis.com\/blog\/wp-content\/uploads\/2020\/12\/131922248_10158842119602629_316986846540180395_o-600x600.jpg\" alt=\"\" width=\"600\" height=\"600\" \/><\/p>\n<p style=\"text-align: center;\"><em>\u00a9 Pantone<\/em><\/p>\n<p>Tous les ans <a href=\"https:\/\/www.pantone.com\/eu\/fr\/color-of-the-https:\/\/www.pantone.com\/eu\/fr\/color-of-the-year-2021year-2021\">Pantone<\/a> r\u00e9v\u00e8le la couleur de l\u2019ann\u00e9e \u00e0 venir, nous sommes chanceux cette ann\u00e9e nous en avons deux : Illuminating et Ultimate Gray, \u00ab\u00a0un mariage de couleurs qui porte un message de force et d\u2019espoir, \u00e0 la fois intemporel et inspirant\u00a0\u00bb. Effectivement un peu d&rsquo;espoir et de lumi\u00e8re pour 2021 ne sera pas de refus !<\/p>\n<h2 class=\"stabylo\">I&rsquo;ll will be there for you<\/h2>\n<p style=\"text-align: center;\"><img loading=\"lazy\" decoding=\"async\" class=\"size-medium wp-image-69410 aligncenter\" src=\"https:\/\/www.deedeeparis.com\/blog\/wp-content\/uploads\/2020\/12\/amies-friends-podcast-scaled-1-600x600.jpg\" alt=\"\" width=\"600\" height=\"600\" \/><\/p>\n<p style=\"text-align: center;\"><em>\u00a9slate.fr<\/em><\/p>\n<p>J\u2019ai beaucoup aim\u00e9 le format de ce podcast, <a href=\"https:\/\/open.spotify.com\/show\/7lIrh4521x9sUmFXyhvcui\">Amies,<\/a> de Slate.fr, dont le principe est assez simple : deux amies dont l\u2019une n\u2019a jamais regard\u00e9 Friends \u00e9changent sur cette s\u00e9rie culte. Une occasion de se replonger dans cette s\u00e9rie qui a berc\u00e9 un grand nombre d&rsquo;entre nous.<\/p>\n<h2 class=\"stabylo\">Un peu de m\u00e9lancolie<\/h2>\n<p>Nouvel album de Jane Birkin, dont les avis sur sa voix sont souvent partag\u00e9s ! Pour ma part cette femme m&rsquo;a toujours fascin\u00e9e et \u00e9mue, sa sagesse, son calme, sa beaut\u00e9, son style, une ic\u00f4ne. J\u2019avais d\u2019ailleurs ador\u00e9 ses m\u00e9moires, sortis en deux tomes l\u2019ann\u00e9e derni\u00e8re ! Cet album m\u00e9lancolique permet de faire une pause et d\u2019attendre 2021 avec un peu de douceur.<\/p>\n<p><iframe loading=\"lazy\" src=\"https:\/\/open.spotify.com\/embed\/album\/7cntvTVCO1Xx0sneL900tC\" width=\"300\" height=\"380\" frameborder=\"0\"><\/iframe><\/p>\n<p>Voil\u00e0, c\u2019est tout pour aujourd\u2019hui. Prenez soin de vous et joyeux No\u00eal !<\/p>\n","protected":false},"excerpt":{"rendered":"<p>Et voil\u00e0 nous y sommes LA semaine de No\u00ebl ! Ann\u00e9e 2020 oblige, ces festivit\u00e9s seront un peu sp\u00e9ciales, mais justement est-ce que \u00e7a ne serait pas le moment d\u2019en faire un No\u00ebl encore plus magique ? En prenant le temps de vraiment en profiter, en petit comit\u00e9, se retrouver, discuter, se raconter des contes [&hellip;]<\/p>\n","protected":false},"author":30,"featured_media":69406,"comment_status":"open","ping_status":"open","sticky":false,"template":"","format":"standard","meta":{"_acf_changed":false,"footnotes":""},"categories":[8,1],"tags":[1378,4884,9827,141,241,9114],"class_list":["post-69401","post","type-post","status-publish","format-standard","has-post-thumbnail","hentry","category-chroniques-de-paris","category-non-classe","tag-deco","tag-diy","tag-idee","tag-musique","tag-noel","tag-podcast"],"acf":[],"geo":null,"_links":{"self":[{"href":"https:\/\/www.deedeeparis.com\/blog\/wp-json\/wp\/v2\/posts\/69401","targetHints":{"allow":["GET"]}}],"collection":[{"href":"https:\/\/www.deedeeparis.com\/blog\/wp-json\/wp\/v2\/posts"}],"about":[{"href":"https:\/\/www.deedeeparis.com\/blog\/wp-json\/wp\/v2\/types\/post"}],"author":[{"embeddable":true,"href":"https:\/\/www.deedeeparis.com\/blog\/wp-json\/wp\/v2\/users\/30"}],"replies":[{"embeddable":true,"href":"https:\/\/www.deedeeparis.com\/blog\/wp-json\/wp\/v2\/comments?post=69401"}],"version-history":[{"count":7,"href":"https:\/\/www.deedeeparis.com\/blog\/wp-json\/wp\/v2\/posts\/69401\/revisions"}],"predecessor-version":[{"id":69415,"href":"https:\/\/www.deedeeparis.com\/blog\/wp-json\/wp\/v2\/posts\/69401\/revisions\/69415"}],"wp:featuredmedia":[{"embeddable":true,"href":"https:\/\/www.deedeeparis.com\/blog\/wp-json\/wp\/v2\/media\/69406"}],"wp:attachment":[{"href":"https:\/\/www.deedeeparis.com\/blog\/wp-json\/wp\/v2\/media?parent=69401"}],"wp:term":[{"taxonomy":"category","embeddable":true,"href":"https:\/\/www.deedeeparis.com\/blog\/wp-json\/wp\/v2\/categories?post=69401"},{"taxonomy":"post_tag","embeddable":true,"href":"https:\/\/www.deedeeparis.com\/blog\/wp-json\/wp\/v2\/tags?post=69401"}],"curies":[{"name":"wp","href":"https:\/\/api.w.org\/{rel}","templated":true}]}}