{"id":69648,"date":"2021-03-01T07:03:44","date_gmt":"2021-03-01T06:03:44","guid":{"rendered":"http:\/\/www.deedeeparis.com\/blog\/?p=69648"},"modified":"2021-02-28T22:04:59","modified_gmt":"2021-02-28T21:04:59","slug":"ma-week-list-347","status":"publish","type":"post","link":"https:\/\/www.deedeeparis.com\/blog\/ma-week-list-347","title":{"rendered":"MA WEEK LIST #347"},"content":{"rendered":"<p>Et nous y voil\u00e0 premi\u00e8re semaine de mars\u00a0! F\u00e9vrier est pass\u00e9 en un \u00e9clair non\u00a0?<\/p>\n<p>Pour l\u2019heure nouvelle semaine, nouveaux coups de c\u0153ur, cette semaine j\u2019aime\u00a0:<\/p>\n<h2 class=\"stabylo\">EN th\u00e9rapie bien s\u00fbr<\/h2>\n<p><img loading=\"lazy\" decoding=\"async\" class=\" wp-image-69655 aligncenter\" src=\"https:\/\/www.deedeeparis.com\/blog\/wp-content\/uploads\/2021\/03\/1667029.jpg-r_1920_1080-f_jpg-q_x-xxyxx-600x886.jpg\" alt=\"\" width=\"261\" height=\"386\" \/><\/p>\n<p style=\"text-align: center;\"><em>Photo \u00a9Arte<\/em><\/p>\n<p>Comme beaucoup j\u2019ai d\u00e9couvert et d\u00e9vor\u00e9 <a href=\"https:\/\/www.arte.tv\/fr\/videos\/RC-020578\/en-therapie\/?xtor=SEC-696--[Serie_et_fictions_programmes]-[En_Therapie]--[]&amp;gclid=CjwKCAiA1eKBBhBZEiwAX3gql5vRfIRst4kob2xt21H5goDBnIU8SgaUZuAVh2SAovDKX4wOoF9CNxoCjf8QAvD_BwE\">cette s\u00e9rie Arte<\/a>. J\u2019avoue avoir un faible pour les bonnes s\u00e9ries fran\u00e7aises comme Baron Noir et le Bureau des L\u00e9gendes. En Th\u00e9rapie est l\u2019adaptation d\u2019une s\u00e9rie isra\u00e9lienne produite par Toledano et Nakache, le rythme est bon, les acteurs sont excellents bref, \u00e0 voir !<\/p>\n<h2 class=\"stabylo\">L&rsquo;enfant, la taupe, le renard et le cheval<\/h2>\n<p style=\"text-align: center;\"><img loading=\"lazy\" decoding=\"async\" class=\"wp-image-69656 aligncenter\" src=\"https:\/\/www.deedeeparis.com\/blog\/wp-content\/uploads\/2021\/03\/IMG_9875-600x945.jpg\" alt=\"\" width=\"343\" height=\"540\" \/><\/p>\n<p>Vous l\u2019avez peut-\u00eatre vu sur un quai de gare, de m\u00e9tro, <em>\u00ab\u00a0La haine fait beaucoup de bruit mais il y a dans ce monde plus d\u2019amour que l\u2019on imagine\u00a0\u00bb<\/em>. Elle est si vraie et permet de r\u00e9fl\u00e9chir pendant son trajet, on devrait plus souvent avoir ce genre de phrase dans le m\u00e9tro ! Le livre <a href=\"https:\/\/livre.fnac.com\/a14842545\/Charlie-Mackesy-L-Enfant-la-Taupe-le-Renard-et-le-Cheval#omnsearchpos=1\">L&rsquo;enfant, la Taupe, le Renard et le Cheva<\/a>l, dont cette phrase est extraite, est plein de douceur et de jolis dessins, je vous conseille de le lire seule ou comme histoire \u00e0 partager avant d\u2019aller se coucher !<\/p>\n<h2 class=\"stabylo\">Un cordonnier quand je veux et o\u00f9 je veux<\/h2>\n<p><img loading=\"lazy\" decoding=\"async\" class=\" wp-image-69657 aligncenter\" src=\"https:\/\/www.deedeeparis.com\/blog\/wp-content\/uploads\/2021\/03\/Capture-de\u0301cran-2021-02-26-a\u0300-09.12.03-600x599.png\" alt=\"\" width=\"416\" height=\"415\" \/><\/p>\n<p style=\"text-align: center;\"><em>Photo \u00a9Instagram Galocheetpatin<\/em><\/p>\n<p>Voici <a href=\"https:\/\/galocheetpatin.fr\/\">Galoche et Patin<\/a>, la cordonnerie conciergerie 100% digitale ! En un clic, Galoche &amp; Patin collecte chaussures et sneakers \u00e0 l&rsquo;endroit de votre choix et vous les restitue r\u00e9par\u00e9es o\u00f9 et quand vous le souhaitez.\u00a0Incroyable non\u00a0? Avec l\u2019arriv\u00e9e du printemps c\u2019est le moment de faire le point sur ses chaussures et de faire r\u00e9parer celles qui en ont besoin ! Ce service est disponible \u00e0 Paris, petite couronne en livraison et sur le reste de la France en messagerie. Un service co-responsable qui a trouv\u00e9 une solution simple et innovante pour nous faciliter la vie\u00a0!<\/p>\n<h2 class=\"stabylo\">DU naturel pour mes cheveux<\/h2>\n<p><img loading=\"lazy\" decoding=\"async\" class=\"size-medium wp-image-69658 aligncenter\" src=\"https:\/\/www.deedeeparis.com\/blog\/wp-content\/uploads\/2021\/03\/Les-soins-pour-cheveux-de-Delphine-Courteille-600x420.jpg\" alt=\"\" width=\"600\" height=\"420\" \/><\/p>\n<p style=\"text-align: center;\"><em>Photo \u00a9 Victoire Letarnec<\/em><\/p>\n<p><a href=\"https:\/\/www.delphinecourteille.com\/boutique\/\">Delphine Courteille<\/a>, coiffeuse pr\u00e9f\u00e9r\u00e9e d\u2019Ines de la Fressange et Jeanne Damas a lanc\u00e9 r\u00e9cemment sa gamme de produits 100% naturel et made in Bretagne. Les produits sont sans silicone, sans sulfate et les ingr\u00e9dients naturels viennent \u00e0 la rescousse de diverses probl\u00e9matiques. La gamme comprend deux shampoings, un masque nourrissant fortifiant et un spray structurant volumateur. Vive la Bretagne !<\/p>\n<h2 class=\"stabylo\">Fais le toi-m\u00eame<\/h2>\n<p style=\"text-align: center;\"><img loading=\"lazy\" decoding=\"async\" class=\"wp-image-69659 aligncenter\" src=\"https:\/\/www.deedeeparis.com\/blog\/wp-content\/uploads\/2021\/03\/homemade-granola-the-mona-project-600x896.jpg\" alt=\"\" width=\"391\" height=\"584\" \/><\/p>\n<p style=\"text-align: center;\"><em>Photo \u00a9themonaproject<\/em><\/p>\n<p>Un DIY gourmand cette semaine, faire son propre granola ! C\u2019est rapide, simple et surtout pratique de faire sa propre recette, par exemple je d\u00e9teste les fruits secs et il y en a souvent dans les granolas tout fait ! L\u00e0 au moins je peux faire mon granola parfait sans fruits secs. \u00c0 vos fourneaux avec cette recette du <a href=\"http:\/\/www.stay-hungry.fr\/2021\/02\/23\/faire-son-propre-granola-et-revivre\/\">Granola facile de The Kitchn<\/a>.<\/p>\n<h2 class=\"stabylo\">kith paris<\/h2>\n<p style=\"text-align: center;\"><img loading=\"lazy\" decoding=\"async\" class=\"size-medium wp-image-69660 aligncenter\" src=\"https:\/\/www.deedeeparis.com\/blog\/wp-content\/uploads\/2021\/03\/152942588_2919515211664242_3910473913937194946_n-600x750.jpg\" alt=\"\" width=\"600\" height=\"750\" \/><\/p>\n<p style=\"text-align: center;\"><em>Photo \u00a9Kith<\/em><\/p>\n<p>Tr\u00e8s tr\u00e8s intrigu\u00e9e par \u00ab\u00a0le nouveau Colette parisien\u00a0\u00bb, Kith qui a ouvert vendredi dernier et que j\u2019ai d\u00e9couvert via <a href=\"https:\/\/www.nouvelobs.com\/mode\/20210224.OBS40608\/kith-le-nouveau-colette-debarque-a-paris.html\">un article<\/a> de Sophie Fontanel dans l\u2019Obs. Ce nouveau temple du streetwear nous vient tout droit de NYC, l\u2019int\u00e9rieur a \u00e9t\u00e9 d\u00e9sign\u00e9 par l\u2019\u00e9quipe de Daniel Arsham et se trouve dans l&rsquo;ancien h\u00f4tel Pershing Hall. On y trouve des fringues, des baskets mais aussi un restaurant. J&rsquo;ai h\u00e2te d&rsquo;y aller !<\/p>\n<h2 class=\"stabylo\">Walking on the moon &#8211; roseaux &amp; aloe blacc<\/h2>\n<p>Une chanson parfaite pour travailler, se balader, se reposer, \u00e0 ajouter \u00e0 sa playlist chill pour un moment de douceur ou pour commencer le mois de mars en douceur.<\/p>\n<p><iframe loading=\"lazy\" src=\"https:\/\/open.spotify.com\/embed\/track\/2uSQGq0WuAVhAJk3xoMJJu\" width=\"300\" height=\"380\" frameborder=\"0\"><\/iframe><\/p>\n<p>Voil\u00e0, c\u2019est tout pour aujourd\u2019hui. Prenez soin de vous, bonne semaine !<\/p>\n<p><em>Par Camille Cousi<\/em><\/p>\n","protected":false},"excerpt":{"rendered":"<p>Et nous y voil\u00e0 premi\u00e8re semaine de mars\u00a0! F\u00e9vrier est pass\u00e9 en un \u00e9clair non\u00a0? Pour l\u2019heure nouvelle semaine, nouveaux coups de c\u0153ur, cette semaine j\u2019aime\u00a0: EN th\u00e9rapie bien s\u00fbr Photo \u00a9Arte Comme beaucoup j\u2019ai d\u00e9couvert et d\u00e9vor\u00e9 cette s\u00e9rie Arte. J\u2019avoue avoir un faible pour les bonnes s\u00e9ries fran\u00e7aises comme Baron Noir et le [&hellip;]<\/p>\n","protected":false},"author":30,"featured_media":69656,"comment_status":"open","ping_status":"open","sticky":false,"template":"","format":"standard","meta":{"_acf_changed":false,"footnotes":""},"categories":[8,1],"tags":[9855,252,9831,4884,9858,9857,74,9856,9843],"class_list":["post-69648","post","type-post","status-publish","format-standard","has-post-thumbnail","hentry","category-chroniques-de-paris","category-non-classe","tag-actualite","tag-beaute","tag-coup-de-coeur","tag-diy","tag-idees","tag-lifestyle","tag-mode","tag-nouvelles","tag-weeklist"],"acf":[],"geo":null,"_links":{"self":[{"href":"https:\/\/www.deedeeparis.com\/blog\/wp-json\/wp\/v2\/posts\/69648","targetHints":{"allow":["GET"]}}],"collection":[{"href":"https:\/\/www.deedeeparis.com\/blog\/wp-json\/wp\/v2\/posts"}],"about":[{"href":"https:\/\/www.deedeeparis.com\/blog\/wp-json\/wp\/v2\/types\/post"}],"author":[{"embeddable":true,"href":"https:\/\/www.deedeeparis.com\/blog\/wp-json\/wp\/v2\/users\/30"}],"replies":[{"embeddable":true,"href":"https:\/\/www.deedeeparis.com\/blog\/wp-json\/wp\/v2\/comments?post=69648"}],"version-history":[{"count":8,"href":"https:\/\/www.deedeeparis.com\/blog\/wp-json\/wp\/v2\/posts\/69648\/revisions"}],"predecessor-version":[{"id":69665,"href":"https:\/\/www.deedeeparis.com\/blog\/wp-json\/wp\/v2\/posts\/69648\/revisions\/69665"}],"wp:featuredmedia":[{"embeddable":true,"href":"https:\/\/www.deedeeparis.com\/blog\/wp-json\/wp\/v2\/media\/69656"}],"wp:attachment":[{"href":"https:\/\/www.deedeeparis.com\/blog\/wp-json\/wp\/v2\/media?parent=69648"}],"wp:term":[{"taxonomy":"category","embeddable":true,"href":"https:\/\/www.deedeeparis.com\/blog\/wp-json\/wp\/v2\/categories?post=69648"},{"taxonomy":"post_tag","embeddable":true,"href":"https:\/\/www.deedeeparis.com\/blog\/wp-json\/wp\/v2\/tags?post=69648"}],"curies":[{"name":"wp","href":"https:\/\/api.w.org\/{rel}","templated":true}]}}