{"id":69674,"date":"2021-03-15T07:03:56","date_gmt":"2021-03-15T06:03:56","guid":{"rendered":"http:\/\/www.deedeeparis.com\/blog\/?p=69674"},"modified":"2021-03-14T22:06:41","modified_gmt":"2021-03-14T21:06:41","slug":"ma-week-list-348","status":"publish","type":"post","link":"https:\/\/www.deedeeparis.com\/blog\/ma-week-list-348","title":{"rendered":"MA WEEK LIST #348"},"content":{"rendered":"<p>Hello la compagnie ! Nous voici d\u00e9j\u00e0 mi-mars, finalement malgr\u00e9 ces confinements et couvre-feu le temps passe bien vite !<\/p>\n<p>Nouvelle semaine, nouveaux coups de coeur. Cette semaine, j\u2019aime :<\/p>\n<h2 class=\"stabylo\">Les coussins Chalmin<\/h2>\n<p style=\"text-align: center;\"><img loading=\"lazy\" decoding=\"async\" class=\"size-medium wp-image-69679 aligncenter\" src=\"https:\/\/www.deedeeparis.com\/blog\/wp-content\/uploads\/2021\/03\/157317409_2921915781423803_8009243641501567151_o-600x690.jpg\" alt=\"\" width=\"600\" height=\"690\" \/><\/p>\n<p style=\"text-align: center;\"><em>Photo <a href=\"https:\/\/www.instagram.com\/elisechalmin\/\">@elisechalmin<\/a><\/em><\/p>\n<p>Grande fan d&rsquo;imprim\u00e9s je suis forc\u00e9ment tomb\u00e9e sous le charme d\u2019Elise Chalmin, qui a cr\u00e9\u00e9 une marque de pr\u00eat-\u00e0-porter color\u00e9s, fabrication fran\u00e7aises et dont les imprim\u00e9s sont \u00e0 tomber. Elise a lanc\u00e9 r\u00e9cemment une collection maison, des objets \u00e0 son image : pop, color\u00e9s dont <a href=\"https:\/\/elisechalmin.com\/collections\/les-coussins?omnisendAttributionID=email_campaign_604344a2c5e84a68b3bebeb2&amp;omnisendContactID=595ec15747fbc0f7fcb45451&amp;utm_campaign=campaign%3A+Booster+of%3A+Lancement+coussins+%28604344a2c5e84a68b3bebeb2%29&amp;utm_medium=email&amp;utm_source=omnisend\">des coussins reprenant<\/a> ses imprim\u00e9s phares, parfait pour ne faire plus qu\u2019un avec son canap\u00e9.<\/p>\n<h2 class=\"stabylo\">Les enfants sont rois de Delphine de vigan<\/h2>\n<p style=\"text-align: center;\"><img loading=\"lazy\" decoding=\"async\" class=\"size-full wp-image-69680 aligncenter\" src=\"https:\/\/www.deedeeparis.com\/blog\/wp-content\/uploads\/2021\/03\/008947762.jpg\" alt=\"\" width=\"400\" height=\"585\" \/><\/p>\n<p>J\u2019avais ador\u00e9 <em>Rien ne s\u2019oppose \u00e0 la nuit<\/em> et <em>No et moi<\/em>, je viens de commencer le nouveau roman de Delphine de Vigan, Les enfants sont rois, je pense que je vais le lire dans la semaine. Je vous laisse d\u00e9couvrir <a href=\"http:\/\/www.gallimard.fr\/Catalogue\/GALLIMARD\/Blanche\/Les-enfants-sont-rois\">le r\u00e9sum\u00e9 sur le site de Gallimard<\/a>, vous comprendrez pourquoi l\u2019univers me parle.<\/p>\n<h2 class=\"stabylo\">La d\u00e9co en bois<\/h2>\n<p style=\"text-align: center;\"><img loading=\"lazy\" decoding=\"async\" class=\"size-medium wp-image-69681 aligncenter\" src=\"https:\/\/www.deedeeparis.com\/blog\/wp-content\/uploads\/2021\/03\/156755592_10159307242032454_3307784264508128289_o-600x750.jpg\" alt=\"\" width=\"600\" height=\"750\" \/><\/p>\n<p>Habitat a invit\u00e9 <a href=\"https:\/\/benjaminfely.fr\/\">Benjamin F\u00e9ly<\/a>, jeune designer et \u00e9b\u00e9niste \u00e0 prendre ses quartiers au Habitat Design Lab, 10 place de la R\u00e9publique \u00e0 Paris. Des objets en bois brut, \u00e0 disposer dans toutes les pi\u00e8ces, attention \u00e9dition ultra limit\u00e9e !<\/p>\n<h2 class=\"stabylo\">Le wall paper<\/h2>\n<p style=\"text-align: center;\"><img loading=\"lazy\" decoding=\"async\" class=\"alignnone size-medium wp-image-69682\" src=\"https:\/\/www.deedeeparis.com\/blog\/wp-content\/uploads\/2021\/03\/Capture-de\u0301cran-2021-03-13-a\u0300-14.33.22-600x561.png\" alt=\"\" width=\"600\" height=\"561\" \/><\/p>\n<p style=\"text-align: center;\">Photo @<a href=\"https:\/\/www.etsy.com\/fr\/shop\/GeorgeandWilly?ref=simple-shop-header-name&amp;listing_id=172166481\">GeorgesandWilly<\/a><\/p>\n<p>Le Wall Paper est un rouleau de papier kraft que l\u2019on accroche au mur pour y noter sa to do list, sa liste de courses, les dessins des enfants, <a href=\"https:\/\/www.etsy.com\/fr\/listing\/172166481\/butchers-paper-dispenser-wall-mounted?ref=shop_home_feat_3&amp;pro=1&amp;awc=7432_1615639684_4f961f1710264b47a50caf8b558b35de&amp;utm_medium=affiliate&amp;utm_source=affiliate_window&amp;utm_campaign=fr_buyer&amp;utm_content=136348&amp;utm_term=146067\">celui-ci trouv\u00e9 sur Etsy<\/a> en plus d&rsquo;\u00eatre pratique et tr\u00e8s esth\u00e9tique. Il faut juste s&rsquo;appliquer sur l&rsquo;\u00e9criture !<\/p>\n<h2 class=\"stabylo\">Fais le toi-m\u00eame<\/h2>\n<p style=\"text-align: center;\"><img loading=\"lazy\" decoding=\"async\" class=\"wp-image-69683 aligncenter\" src=\"https:\/\/www.deedeeparis.com\/blog\/wp-content\/uploads\/2021\/03\/Twistedcandletutorialbywww.hestershandmadehome-600x900.jpg\" alt=\"\" width=\"402\" height=\"603\" \/><\/p>\n<p style=\"text-align: center;\"><em>Photo @<a href=\"http:\/\/www.hestershandmadehome.com\/\">Hestershandmadehome<\/a><\/em><\/p>\n<p>Cette semaine je vous ai trouv\u00e9 un DIY facile, rapide et amusant\u00a0: <a href=\"http:\/\/www.hestershandmadehome.com\/tutorial-craft\/twisted-candles\">les twisted candles<\/a>, pour donner \u00e0 ses bougies le twist qui leur manque. Cette mode est apparue dans les magazines de d\u00e9co cet \u00e9t\u00e9 puis les tutos se sont multipli\u00e9s sur TikTok.<\/p>\n<h2 class=\"stabylo\">Tout p\u00e2ques<\/h2>\n<p style=\"text-align: center;\"><img loading=\"lazy\" decoding=\"async\" class=\"alignnone size-medium wp-image-69684\" src=\"https:\/\/www.deedeeparis.com\/blog\/wp-content\/uploads\/2021\/03\/Capture-de\u0301cran-2021-03-13-a\u0300-14.37.12-600x582.png\" alt=\"\" width=\"600\" height=\"582\" \/><\/p>\n<p style=\"text-align: center;\"><em>Photo @confitureparisienne<\/em><\/p>\n<p>Pour changer un peu des traditionnels \u0153ufs et autres poulettes en chocolat voici la <a href=\"https:\/\/www.confiture-parisienne.com\/collections\/pate-a-tartiner\/products\/tartine-chocolat-cacahuetes-x-francois-daubinet-tout-paques\">p\u00e2te \u00e0 tartiner con\u00e7u par Fran\u00e7ois Daubinet pour Confiture Parisienne<\/a> : pralin\u00e9 de noisettes, cacahu\u00e8te, chocolat noir et au lait, pinc\u00e9e de fleur de sel. \u00c0 d\u00e9guster pour P\u00e2ques ou avant !<\/p>\n<h2 class=\"stabylo\">Song for you<\/h2>\n<p>Jolie ballade de 6 minutes, cette chanson me donne envie de m\u2019\u00e9vader pour un road trip dans le Pays Basque rien que \u00e7a ! Les voyages \u00e9tant pas pour tout de suite on peut toujours s&rsquo;\u00e9vader gr\u00e2ce \u00e0 la musique.<br \/>\n<iframe loading=\"lazy\" src=\"https:\/\/open.spotify.com\/embed\/track\/0lI4NU85a2bxlPVfzjOuTc\" width=\"300\" height=\"380\" frameborder=\"0\"><\/iframe><\/p>\n<p>&nbsp;<\/p>\n<p><em>Par Camille Cousi<\/em><\/p>\n","protected":false},"excerpt":{"rendered":"<p>Hello la compagnie ! Nous voici d\u00e9j\u00e0 mi-mars, finalement malgr\u00e9 ces confinements et couvre-feu le temps passe bien vite ! Nouvelle semaine, nouveaux coups de coeur. Cette semaine, j\u2019aime : Les coussins Chalmin Photo @elisechalmin Grande fan d&rsquo;imprim\u00e9s je suis forc\u00e9ment tomb\u00e9e sous le charme d\u2019Elise Chalmin, qui a cr\u00e9\u00e9 une marque de pr\u00eat-\u00e0-porter color\u00e9s, [&hellip;]<\/p>\n","protected":false},"author":30,"featured_media":69679,"comment_status":"open","ping_status":"open","sticky":false,"template":"","format":"standard","meta":{"_acf_changed":false,"footnotes":""},"categories":[8],"tags":[9861,1378,4884,401,9860,74,141,535],"class_list":["post-69674","post","type-post","status-publish","format-standard","has-post-thumbnail","hentry","category-chroniques-de-paris","tag-coussin","tag-deco","tag-diy","tag-livre","tag-ma-week-list","tag-mode","tag-musique","tag-paques"],"acf":[],"geo":null,"_links":{"self":[{"href":"https:\/\/www.deedeeparis.com\/blog\/wp-json\/wp\/v2\/posts\/69674","targetHints":{"allow":["GET"]}}],"collection":[{"href":"https:\/\/www.deedeeparis.com\/blog\/wp-json\/wp\/v2\/posts"}],"about":[{"href":"https:\/\/www.deedeeparis.com\/blog\/wp-json\/wp\/v2\/types\/post"}],"author":[{"embeddable":true,"href":"https:\/\/www.deedeeparis.com\/blog\/wp-json\/wp\/v2\/users\/30"}],"replies":[{"embeddable":true,"href":"https:\/\/www.deedeeparis.com\/blog\/wp-json\/wp\/v2\/comments?post=69674"}],"version-history":[{"count":7,"href":"https:\/\/www.deedeeparis.com\/blog\/wp-json\/wp\/v2\/posts\/69674\/revisions"}],"predecessor-version":[{"id":69687,"href":"https:\/\/www.deedeeparis.com\/blog\/wp-json\/wp\/v2\/posts\/69674\/revisions\/69687"}],"wp:featuredmedia":[{"embeddable":true,"href":"https:\/\/www.deedeeparis.com\/blog\/wp-json\/wp\/v2\/media\/69679"}],"wp:attachment":[{"href":"https:\/\/www.deedeeparis.com\/blog\/wp-json\/wp\/v2\/media?parent=69674"}],"wp:term":[{"taxonomy":"category","embeddable":true,"href":"https:\/\/www.deedeeparis.com\/blog\/wp-json\/wp\/v2\/categories?post=69674"},{"taxonomy":"post_tag","embeddable":true,"href":"https:\/\/www.deedeeparis.com\/blog\/wp-json\/wp\/v2\/tags?post=69674"}],"curies":[{"name":"wp","href":"https:\/\/api.w.org\/{rel}","templated":true}]}}