{"id":69688,"date":"2021-03-16T14:53:58","date_gmt":"2021-03-16T13:53:58","guid":{"rendered":"http:\/\/www.deedeeparis.com\/blog\/?p=69688"},"modified":"2021-03-16T14:55:33","modified_gmt":"2021-03-16T13:55:33","slug":"17-mars-2020-confinement-jour-1","status":"publish","type":"post","link":"https:\/\/www.deedeeparis.com\/blog\/17-mars-2020-confinement-jour-1","title":{"rendered":"17 mars 2020. Confinement, jour 1."},"content":{"rendered":"<p><a href=\"https:\/\/www.deedeeparis.com\/blog\/wp-content\/uploads\/2021\/03\/17-mars-2020-confinement-jour-1.png\"><img loading=\"lazy\" decoding=\"async\" class=\"aligncenter size-full wp-image-69693\" src=\"https:\/\/www.deedeeparis.com\/blog\/wp-content\/uploads\/2021\/03\/17-mars-2020-confinement-jour-1.png\" alt=\"\" width=\"1206\" height=\"694\" srcset=\"https:\/\/www.deedeeparis.com\/blog\/wp-content\/uploads\/2021\/03\/17-mars-2020-confinement-jour-1.png 1206w, https:\/\/www.deedeeparis.com\/blog\/wp-content\/uploads\/2021\/03\/17-mars-2020-confinement-jour-1-768x442.png 768w, https:\/\/www.deedeeparis.com\/blog\/wp-content\/uploads\/2021\/03\/17-mars-2020-confinement-jour-1-600x345.png 600w, https:\/\/www.deedeeparis.com\/blog\/wp-content\/uploads\/2021\/03\/17-mars-2020-confinement-jour-1-1024x589.png 1024w\" sizes=\"auto, (max-width: 1206px) 100vw, 1206px\" \/><\/a><\/p>\n<p>Vendredi 14 mars. Je fais un aller-retour au bureau aujourd&rsquo;hui. Je les limite au maximum, je sais depuis une semaine que je suis enceinte. ENCEINTE. J&rsquo;ai du mal \u00e0 y croire&#8230; Je tourne et retourne l&rsquo;information dans tous les sens. Elle est aussi d\u00e9licieuse qu&rsquo;incroyable, impossible \u00e0 acter&#8230; Enceinte, apr\u00e8s plus de 10 ans d&rsquo;attente. Je n&rsquo;arrive pas \u00e0 le r\u00e9aliser ! J&rsquo;essaye de lever le pied, de me pr\u00e9server un peu. Je sais bien que vivre dans du coton n&rsquo;augmentera pas mes chances, c&rsquo;est peut \u00eatre m\u00eame l&rsquo;inverse mais c&rsquo;est plus fort que moi : depuis que nous avons eu recours \u00e0 cette nouvelle FIV le 20 f\u00e9vrier dernier, je suis quasiment rest\u00e9e \u00e0 la maison tous les jours. Confin\u00e9e, ou presque.<\/p>\n<p>Ce jour l\u00e0, comme \u00e0 chaque fois que je vais place Franz Liszt, je retrouve avec joie mon joli bureau et mes colocs de bureau. Je dois boucler un article, organiser deux s\u00e9ances photos. Des missions qui me plaisent, une bonne journ\u00e9e en somme. Je m&rsquo;octroie une pause au milieu de la matin\u00e9e. C. et O. sont l\u00e0, on parle encore de ce virus chinois qui a fait que N., qui travaille avec elles, a \u00e9t\u00e9 plac\u00e9e en quarantaine 14j \u00e0 son retour de Chine, en janvier. Depuis quelques jours, on ne parle plus que de cette myst\u00e9rieuse maladie qui a finalement travers\u00e9 les fronti\u00e8res. La rumeur enfle, ce serait quelque chose de grave, on l&rsquo;attraperait en croisant les gens. Je ne sais pas trop quoi en penser m\u00eame si je commence \u00e0 flipper. Je le savais, j&rsquo;aurais du rester chez moi aujourd&rsquo;hui !<\/p>\n<p>Pour le dej, je suis malgr\u00e9 tout trop heureuse de pouvoir rejoindre mon amie Audrey. On se connait depuis quoi, 10 ans, 15 ans maintenant ? Audrey, c&rsquo;est mon petit rayon de soleil : toujours positive, le sourire contagieux, l&rsquo;\u00e9treinte rass\u00e9r\u00e9nante. Avec nos vies \u00e0 la con, on se croise si peu&#8230; On va pouvoir rattraper un peu le temps perdu le temps d&rsquo;un dej ! J&rsquo;ai r\u00e9serv\u00e9 dans un des nombreux petits restos qui pullulent dans le 10e, genre bistronomie parfaitement ma\u00eetris\u00e9e et pas hors de prix. En arrivant, je r\u00e9alise que la salle est petite et que les tables sont toutes coll\u00e9es\/serr\u00e9es. Je flippe&#8230; Est-ce qu&rsquo;on risque quelque chose ? Et puis merde, on le saurait, non ?! Je suis avec ma pote, je profite ! Comme pr\u00e9vu, l&rsquo;heure file si vite qu&rsquo;il n&rsquo;est pas loin de 15h quand je la quitte. Je suis finalement \u00e0 la bourre pour les missions du jour. Heureusement pour moi, j&rsquo;ai eu la pr\u00e9sence d&rsquo;esprit d&#8217;embarquer mon appareil photo et les produits que je dois shooter avant de quitter le boulot : je d\u00e9cide de rentrer \u00e0 la maison pour terminer de bosser, j&rsquo;aimerais autant que faire se peut \u00e9viter l&rsquo;heure de pointe dans le m\u00e9tro.<\/p>\n<p>La suite me laisse un souvenir on ne peut plus n\u00e9buleux. Quand avons nous appris que nous allions \u00eatre confin\u00e9s ? Le vendredi soir ? Le lundi pour un prise d&rsquo;effet le mardi ? Qu&rsquo;est-ce que j&rsquo;ai fait ce week-end l\u00e0 ? Pas les courses, \u00e7a, c&rsquo;est s\u00fbr, je n&rsquo;aurais pas \u00e9t\u00e9 contre acheter quelques rouleaux de PQ je crois mais mon mec, plus pos\u00e9 et cart\u00e9sien que moi, m&rsquo;en a emp\u00each\u00e9e. \u00c7a je m&rsquo;en souviens. Je me souviens aussi avoir \u00e9crit coup sur coup <a href=\"https:\/\/www.deedeeparis.com\/blog\/travailler-avec-des-enfants-a-la-maison-quelques-pistes\" target=\"_blank\" rel=\"noopener\">deux<\/a> <a href=\"https:\/\/www.deedeeparis.com\/blog\/travailler-efficacement-de-chez-soi-quand-on-est-confine\" target=\"_blank\" rel=\"noopener\">articles<\/a>. Comme pour tenter d\u00e9sesp\u00e9r\u00e9ment de garder une emprise quelconque sur ce qui \u00e9tait en train de devenir totalement hors de notre contr\u00f4le et tout bonnement sid\u00e9rant.<\/p>\n<p>Et le mardi est arriv\u00e9. Mardi 17 mars 2020. Confinement jour 1. Si on nous avait dit qu&rsquo;on y serait encore un an plus tard&#8230;<\/p>\n<p>Je crois que j&rsquo;avais envie de consigner \u00e7a quelque part. A l&rsquo;instar de quelques autres dates, le 17 mars 2020 fait d\u00e9sormais partie des dates qui seront enseign\u00e9es dans les cours d&rsquo;histoire. Une de ces dates dont on pourra dire, des ann\u00e9es plus tard, \u00ab\u00a0je me souviens parfaitement de ce que je faisais ce jour l\u00e0\u00a0\u00bb.<\/p>\n","protected":false},"excerpt":{"rendered":"<p>Vendredi 14 mars. Je fais un aller-retour au bureau aujourd&rsquo;hui. Je les limite au maximum, je sais depuis une semaine que je suis enceinte. ENCEINTE. J&rsquo;ai du mal \u00e0 y croire&#8230; Je tourne et retourne l&rsquo;information dans tous les sens. Elle est aussi d\u00e9licieuse qu&rsquo;incroyable, impossible \u00e0 acter&#8230; Enceinte, apr\u00e8s plus de 10 ans d&rsquo;attente. [&hellip;]<\/p>\n","protected":false},"author":2,"featured_media":69693,"comment_status":"open","ping_status":"open","sticky":false,"template":"","format":"standard","meta":{"_acf_changed":false,"footnotes":""},"categories":[8],"tags":[9864,9863,9844,9727,9862],"class_list":["post-69688","post","type-post","status-publish","format-standard","has-post-thumbnail","hentry","category-chroniques-de-paris","tag-15-novembre-2015","tag-17-mars-2020","tag-confinement","tag-coronavirus","tag-covid-19"],"acf":[],"geo":null,"_links":{"self":[{"href":"https:\/\/www.deedeeparis.com\/blog\/wp-json\/wp\/v2\/posts\/69688","targetHints":{"allow":["GET"]}}],"collection":[{"href":"https:\/\/www.deedeeparis.com\/blog\/wp-json\/wp\/v2\/posts"}],"about":[{"href":"https:\/\/www.deedeeparis.com\/blog\/wp-json\/wp\/v2\/types\/post"}],"author":[{"embeddable":true,"href":"https:\/\/www.deedeeparis.com\/blog\/wp-json\/wp\/v2\/users\/2"}],"replies":[{"embeddable":true,"href":"https:\/\/www.deedeeparis.com\/blog\/wp-json\/wp\/v2\/comments?post=69688"}],"version-history":[{"count":11,"href":"https:\/\/www.deedeeparis.com\/blog\/wp-json\/wp\/v2\/posts\/69688\/revisions"}],"predecessor-version":[{"id":69701,"href":"https:\/\/www.deedeeparis.com\/blog\/wp-json\/wp\/v2\/posts\/69688\/revisions\/69701"}],"wp:featuredmedia":[{"embeddable":true,"href":"https:\/\/www.deedeeparis.com\/blog\/wp-json\/wp\/v2\/media\/69693"}],"wp:attachment":[{"href":"https:\/\/www.deedeeparis.com\/blog\/wp-json\/wp\/v2\/media?parent=69688"}],"wp:term":[{"taxonomy":"category","embeddable":true,"href":"https:\/\/www.deedeeparis.com\/blog\/wp-json\/wp\/v2\/categories?post=69688"},{"taxonomy":"post_tag","embeddable":true,"href":"https:\/\/www.deedeeparis.com\/blog\/wp-json\/wp\/v2\/tags?post=69688"}],"curies":[{"name":"wp","href":"https:\/\/api.w.org\/{rel}","templated":true}]}}