{"id":69744,"date":"2021-04-05T07:03:17","date_gmt":"2021-04-05T05:03:17","guid":{"rendered":"http:\/\/www.deedeeparis.com\/blog\/?p=69744"},"modified":"2021-04-04T12:14:16","modified_gmt":"2021-04-04T10:14:16","slug":"ma-week-list-349","status":"publish","type":"post","link":"https:\/\/www.deedeeparis.com\/blog\/ma-week-list-349","title":{"rendered":"MA WEEK LIST #349"},"content":{"rendered":"<p>Il y a des semaines comme \u00e7a qui font du bien au moral, o\u00f9 de toutes petites choses deviennent de grandes choses, sources de bonheur.<\/p>\n<p>Ces derni\u00e8res semaines il y a eu le changement d\u2019heure, le retour du soleil (j\u2019\u00e9cris cela depuis ma terrasse alors que je crois que cette semaine il doit neiger \u00e0 Paris, tout va bien), la lumi\u00e8re, le r\u00e9veil des abeilles, les petits bourgeons qui se transforment en feuilles, l\u2019odeur des fleurs\u2026 Un de mes changements de saison pr\u00e9f\u00e9r\u00e9, vivement que les hirondelles d\u00e9barquent et l\u00e0 je serais au top !<\/p>\n<p>Pour l\u2019heure nouvelle semaine, nouveaux coups de coeur. Cette semaine, j\u2019aime :<\/p>\n<h2 class=\"stabylo\">Dans la famille brai je demande les maillots de bain<\/h2>\n<p><img loading=\"lazy\" decoding=\"async\" class=\" wp-image-69749 aligncenter\" src=\"https:\/\/www.deedeeparis.com\/blog\/wp-content\/uploads\/2021\/04\/164245745_1366057287088945_7639567461918389206_n-600x750.jpg\" alt=\"\" width=\"385\" height=\"481\" \/><\/p>\n<p style=\"text-align: center;\"><em>Photo <a href=\"https:\/\/www.facebook.com\/BRAIOFFICIEL\">@BRAIOFFICIEL<\/a><\/em><\/p>\n<p>Dans chacune de mes Week list j\u2019ai parl\u00e9 de couleurs et d\u2019imprim\u00e9s, celle-ci n\u2019y \u00e9chappera pas. D\u00e9j\u00e0 fan des pyjamas, <a href=\"https:\/\/brai.fr\/collections\/maillot-de-bain\">la nouvelle collection maillot de bain de la marque fran\u00e7aise Brai<\/a> est \u00e0 tomber. Difficile de faire plus mignon sur la plage qu\u2019une famille avec le m\u00eame maillot de bain !<\/p>\n<h2 class=\"stabylo\">T&rsquo;as ton glossier ?<\/h2>\n<p style=\"text-align: center;\"><img loading=\"lazy\" decoding=\"async\" class=\"size-medium wp-image-69750 aligncenter\" src=\"https:\/\/www.deedeeparis.com\/blog\/wp-content\/uploads\/2021\/04\/120224756_2811055182483687_4227760141753378693_n-600x600.jpg\" alt=\"\" width=\"600\" height=\"600\" \/><\/p>\n<p style=\"text-align: center;\"><em>Photo <a href=\"https:\/\/www.facebook.com\/glossier\">@glossier<\/a><\/em><\/p>\n<p>Chaque ann\u00e9e \u00e0 la m\u00eame p\u00e9riode je passe une commande chez Glossier (la seule de l&rsquo;ann\u00e9e), avec notamment <a href=\"https:\/\/www.glossier.com\/products\/invisible-shield\">la cr\u00e8me solaire<\/a>, indispensable de mon printemps\/\u00e9t\u00e9. En ville pour une balade, en terrasse pour un d\u00e9jeuner, \u00e0 la plage, cette cr\u00e8me est le premier r\u00e9flexe de mes journ\u00e9es d&rsquo;\u00e9t\u00e9 ! Celle-ci ne colle pas, ne laisse pas d\u2019effet gras sur le visage et elle prot\u00e8ge efficacement.<\/p>\n<h2 class=\"stabylo\">Coming out<\/h2>\n<p><img loading=\"lazy\" decoding=\"async\" class=\"size-medium wp-image-69751 aligncenter\" src=\"https:\/\/www.deedeeparis.com\/blog\/wp-content\/uploads\/2021\/04\/146356320_10159242869012728_9036346032354498898_n-600x600.jpg\" alt=\"\" width=\"600\" height=\"600\" \/><\/p>\n<p style=\"text-align: center;\"><em>Photo <a href=\"https:\/\/www.spotify.com\/fr\/home\/\">@spotify<\/a><\/em><\/p>\n<p><a href=\"https:\/\/open.spotify.com\/show\/59UuXPmc80CN2YsRAFsqVP\">Ce podcast<\/a> r\u00e9alis\u00e9 par Elise Goldfarb et Julia Layani pour Spotify, donne la parole \u00e0 des personnalit\u00e9s connues ou non qui racontent leur coming out et leur parcours pour s\u2019accepter pleinement.\u00a0Des histoires d\u2019amour modernes, simples, racont\u00e9es avec sinc\u00e9rit\u00e9, je vous conseille l\u2019\u00e9pisode de Caroline Fourest que j\u2019ai ador\u00e9\u00a0!<\/p>\n<h2 class=\"stabylo\">Fais le toi-m\u00eame : le pouvoir des fleurs<\/h2>\n<p><img loading=\"lazy\" decoding=\"async\" class=\" wp-image-69752 aligncenter\" src=\"https:\/\/www.deedeeparis.com\/blog\/wp-content\/uploads\/2021\/04\/365cdc4991e8ab112f7943ce4d910e6d.jpg\" alt=\"\" width=\"469\" height=\"704\" \/><\/p>\n<p>Un DIY facile, qui enchantera votre int\u00e9rieur du pouvoir des fleurs.<\/p>\n<p>Faites s\u00e9cher quelques semaines les jolies fleurs que vous avez ramass\u00e9es en balade dans les pages d\u2019un livre. Munissez-vous d\u2019un cadre avec double-parois qui peut se trouver dans une brocante, dans un magasin de loisir et cr\u00e9ation ou dans un magasin de d\u00e9co. Glissez-y vos fleurs s\u00e9ch\u00e9es et le tour est jou\u00e9 !<\/p>\n<h2 class=\"stabylo\">Fini le savon dans la douche<\/h2>\n<p><img loading=\"lazy\" decoding=\"async\" class=\"size-medium wp-image-69753 aligncenter\" src=\"https:\/\/www.deedeeparis.com\/blog\/wp-content\/uploads\/2021\/04\/il_794xN.2770520775_i067-600x500.jpg\" alt=\"\" width=\"600\" height=\"500\" \/><\/p>\n<p style=\"text-align: center;\"><em>Photo <a href=\"https:\/\/www.etsy.com\/fr\/shop\/LAtelierDesManuelles?ref=simple-shop-header-name&amp;listing_id=907140702\">@latelierdesmanuelles<\/a><\/em><\/p>\n<p>L\u2019ann\u00e9e derni\u00e8re je suis pass\u00e9e au shampoing solide, la vraie probl\u00e9matique \u00e9tant o\u00f9 le poser sans qu\u2019il ne glisse ou ne se d\u00e9sint\u00e8gre. En cherchant sur Esty <a href=\"https:\/\/www.etsy.com\/fr\/listing\/907140702\/porte-savon?ga_order=most_relevant&amp;ga_search_type=all&amp;ga_view_type=gallery&amp;ga_search_query=porte+savon+b%C3%A9ton&amp;ref=sr_gallery-1-5&amp;organic_search_click=1&amp;frs=1&amp;col=1&amp;awc=7432_1617528602_1f1207b34d11c5388a955d7181753b54&amp;utm_medium=affiliate&amp;utm_source=affiliate_window&amp;utm_campaign=fr_buyer&amp;utm_content=136348\">j\u2019ai trouv\u00e9 ces jolis porte-savon<\/a>, faits main, en b\u00e9ton et prot\u00e9g\u00e9s par un baume imperm\u00e9abilisant biologique.<\/p>\n<p>Fini la chasse au savon les yeux ferm\u00e9s pour ne pas finir les quatre fers en l\u2019air dans sa douche\u00a0!<\/p>\n<h2 class=\"stabylo\">Envie de participer au prochain film de jean-jacques annaud ?<\/h2>\n<p><img loading=\"lazy\" decoding=\"async\" class=\" wp-image-69754 aligncenter\" src=\"https:\/\/www.deedeeparis.com\/blog\/wp-content\/uploads\/2021\/04\/1200px-Incendie_Notre_Dame_de_Paris-600x800.jpg\" alt=\"\" width=\"389\" height=\"519\" \/><\/p>\n<p>Il y a presque deux ans, Notre-Dame de Paris prenait feu, durant une soir\u00e9e enti\u00e8re les parisiens avaient retenu leur souffle et regarder cet embl\u00e8me partir en fum\u00e9e. Un nombre incalculable de photos et de vid\u00e9os ont \u00e9t\u00e9 captur\u00e9es, de toute part de la capitale. Le r\u00e9alisateur Jean-Jacques Annaud cherche \u00e0 r\u00e9colter ces images pour son long-m\u00e9trage \u00ab Notre-Dame br\u00fble \u00bb.<\/p>\n<p>Ces images pourront \u00eatre envoy\u00e9es sur le site internet d\u00e9di\u00e9\u00a0<a href=\"https:\/\/notredamebrule.com\/\">notredamebrule.com<\/a>, et celles s\u00e9lectionn\u00e9es par le r\u00e9alisateur seront par le suite int\u00e9gr\u00e9es au film, contre une r\u00e9mun\u00e9ration.<\/p>\n<h2 class=\"stabylo\">\u00e9t\u00e9 90 &#8211; Th\u00e9rapie taxi<\/h2>\n<p>En boucle depuis deux semaines pour chanter sous mon masque dans la rue, danser dans ma salle de bain ou en r\u00eavant d\u2019ap\u00e9ro entre copains, Et\u00e9 90 de Th\u00e9rapie Taxi !<\/p>\n<p>Une chanson qui sent bon l\u2019\u00e9t\u00e9 90 (aveu de ma part je n\u2019\u00e9tais pas n\u00e9e mais je l\u2019imagine)<br \/>\n<iframe loading=\"lazy\" src=\"https:\/\/open.spotify.com\/embed\/track\/1p9dxTMtG4gZpLp7yzvT54\" width=\"300\" height=\"380\" frameborder=\"0\"><\/iframe><\/p>\n<p>Par Camille<\/p>\n","protected":false},"excerpt":{"rendered":"<p>Il y a des semaines comme \u00e7a qui font du bien au moral, o\u00f9 de toutes petites choses deviennent de grandes choses, sources de bonheur. Ces derni\u00e8res semaines il y a eu le changement d\u2019heure, le retour du soleil (j\u2019\u00e9cris cela depuis ma terrasse alors que je crois que cette semaine il doit neiger \u00e0 [&hellip;]<\/p>\n","protected":false},"author":30,"featured_media":69752,"comment_status":"open","ping_status":"open","sticky":false,"template":"","format":"standard","meta":{"_acf_changed":false,"footnotes":""},"categories":[8,1],"tags":[729,4884,9858,401,617,9871,60,9114,510,9843],"class_list":["post-69744","post","type-post","status-publish","format-standard","has-post-thumbnail","hentry","category-chroniques-de-paris","category-non-classe","tag-bons-plans","tag-diy","tag-idees","tag-livre","tag-maillot-de-bain","tag-notre-dame","tag-paris","tag-podcast","tag-printemps","tag-weeklist"],"acf":[],"geo":null,"_links":{"self":[{"href":"https:\/\/www.deedeeparis.com\/blog\/wp-json\/wp\/v2\/posts\/69744","targetHints":{"allow":["GET"]}}],"collection":[{"href":"https:\/\/www.deedeeparis.com\/blog\/wp-json\/wp\/v2\/posts"}],"about":[{"href":"https:\/\/www.deedeeparis.com\/blog\/wp-json\/wp\/v2\/types\/post"}],"author":[{"embeddable":true,"href":"https:\/\/www.deedeeparis.com\/blog\/wp-json\/wp\/v2\/users\/30"}],"replies":[{"embeddable":true,"href":"https:\/\/www.deedeeparis.com\/blog\/wp-json\/wp\/v2\/comments?post=69744"}],"version-history":[{"count":8,"href":"https:\/\/www.deedeeparis.com\/blog\/wp-json\/wp\/v2\/posts\/69744\/revisions"}],"predecessor-version":[{"id":69758,"href":"https:\/\/www.deedeeparis.com\/blog\/wp-json\/wp\/v2\/posts\/69744\/revisions\/69758"}],"wp:featuredmedia":[{"embeddable":true,"href":"https:\/\/www.deedeeparis.com\/blog\/wp-json\/wp\/v2\/media\/69752"}],"wp:attachment":[{"href":"https:\/\/www.deedeeparis.com\/blog\/wp-json\/wp\/v2\/media?parent=69744"}],"wp:term":[{"taxonomy":"category","embeddable":true,"href":"https:\/\/www.deedeeparis.com\/blog\/wp-json\/wp\/v2\/categories?post=69744"},{"taxonomy":"post_tag","embeddable":true,"href":"https:\/\/www.deedeeparis.com\/blog\/wp-json\/wp\/v2\/tags?post=69744"}],"curies":[{"name":"wp","href":"https:\/\/api.w.org\/{rel}","templated":true}]}}