{"id":69789,"date":"2021-05-10T07:03:41","date_gmt":"2021-05-10T05:03:41","guid":{"rendered":"http:\/\/www.deedeeparis.com\/blog\/?p=69789"},"modified":"2021-05-09T21:27:23","modified_gmt":"2021-05-09T19:27:23","slug":"ma-week-list-350","status":"publish","type":"post","link":"https:\/\/www.deedeeparis.com\/blog\/ma-week-list-350","title":{"rendered":"Ma Week List #350"},"content":{"rendered":"<p>Quel bonheur de voir le printemps s\u2019installer pour de bon ! Petit plaisir coupable du moment, retirer mon masque quelques secondes pour humer les odeurs de fleurs ou l\u2019odeur de la pluie qui vient de tomber&#8230; Essayez, vous verrez c\u2019est assez enivrant, vivement qu&rsquo;on soit d\u00e9barrasser de ces masques.<\/p>\n<p>Pour l\u2019heure nouvelle semaine, nouveaux coups de coeur. Cette semaine, j\u2019aime :<\/p>\n<h2 class=\"stabylo\">Hippocrate saison 2<\/h2>\n<p><img loading=\"lazy\" decoding=\"async\" class=\" wp-image-69913 aligncenter\" src=\"https:\/\/www.deedeeparis.com\/blog\/wp-content\/uploads\/2021\/05\/2528935-600x880.jpg\" alt=\"\" width=\"423\" height=\"620\" \/><\/p>\n<p style=\"text-align: center;\"><em>Photo @canalplus<\/em><\/p>\n<p>J\u2019ai d\u00e9vor\u00e9 la saison 2 de cette super s\u00e9rie Canal +, tellement contente de retrouver mes m\u00e9decins pr\u00e9f\u00e9r\u00e9s. Un plaisir de regarder ces s\u00e9ries fran\u00e7aises bien jou\u00e9es et bien \u00e9crites.<\/p>\n<h2 class=\"stabylo\">Dessiner encore<\/h2>\n<p><img loading=\"lazy\" decoding=\"async\" class=\" wp-image-69914 aligncenter\" src=\"https:\/\/www.deedeeparis.com\/blog\/wp-content\/uploads\/2021\/05\/9791037502834_1_75.jpg\" alt=\"\" width=\"462\" height=\"567\" \/><\/p>\n<p style=\"text-align: center;\"><em>Photo @coco<\/em><\/p>\n<p>H\u00e2te de d\u00e9couvrir cette BD de Coco, dessinatrice de Charlie Hebdo et survivante des attentats. Dans cette BD elle raconte six ans de vie avec la culpabilit\u00e9 d&rsquo;avoir ouvert la porte aux fr\u00e8res Kouachi, une difficile reconstruction qu\u2019elle a r\u00e9ussi \u00e0 poser sur papier.<\/p>\n<h2 class=\"stabylo\">Les aventures rocambolesques d&rsquo;Edouard Baer<\/h2>\n<p style=\"text-align: center;\"><img loading=\"lazy\" decoding=\"async\" class=\"wp-image-69915 aligncenter\" src=\"https:\/\/www.deedeeparis.com\/blog\/wp-content\/uploads\/2021\/05\/5677834-600x600bb.jpg\" alt=\"\" width=\"345\" height=\"345\" srcset=\"https:\/\/www.deedeeparis.com\/blog\/wp-content\/uploads\/2021\/05\/5677834-600x600bb.jpg 600w, https:\/\/www.deedeeparis.com\/blog\/wp-content\/uploads\/2021\/05\/5677834-600x600bb-150x150.jpg 150w\" sizes=\"auto, (max-width: 345px) 100vw, 345px\" \/><\/p>\n<p style=\"text-align: center;\"><em>Photo @franceinter<\/em><\/p>\n<p>On retrouve gr\u00e2ce \u00e0 ce podcast l\u2019ambiance des histoires d&rsquo;enfant, celles qui nous embarquaient et nous faisaient r\u00eaver. Les voix d\u2019Edouard Baer et de Benoit Poolvoorde font chaud au coeur, les sons du voyage, le rythme permettent de s\u2019\u00e9vader, de r\u00eaver et de rire. \u00c7a fait du bien !<\/p>\n<h2 class=\"stabylo\">Le retour de la casquette<\/h2>\n<p><img loading=\"lazy\" decoding=\"async\" class=\"size-medium wp-image-69916 aligncenter\" src=\"https:\/\/www.deedeeparis.com\/blog\/wp-content\/uploads\/2021\/05\/Capture-de\u0301cran-2021-05-09-a\u0300-21.16.31-600x604.png\" alt=\"\" width=\"600\" height=\"604\" \/><\/p>\n<p style=\"text-align: center;\"><em>Photo @pinterest<\/em><\/p>\n<p>Envie du mois, une casquette, celle qu\u2019on va mettre pour les balades du dimanche, qui va nous accompagner cet \u00e9t\u00e9 pour nous prot\u00e9ger du soleil et qu\u2019on pourra m\u00eame sortir l\u2019hiver prochain. J\u2019ai trouv\u00e9 mon bonheur sur Vinted, une Chevignon vintage, un peu d\u00e9lav\u00e9e, qui a d\u00e9j\u00e0 v\u00e9cue des aventures sur une autre t\u00eate et qui arrivera sans poux j\u2019esp\u00e8re !<\/p>\n<h2 class=\"stabylo\">Mon petit koala<\/h2>\n<p><img loading=\"lazy\" decoding=\"async\" class=\"size-medium wp-image-69917 aligncenter\" src=\"https:\/\/www.deedeeparis.com\/blog\/wp-content\/uploads\/2021\/05\/Capture-de\u0301cran-2021-05-09-a\u0300-21.17.45-600x603.png\" alt=\"\" width=\"600\" height=\"603\" \/><\/p>\n<p style=\"text-align: center;\"><em>Photo @<a class=\"wt-text-link-no-underline\" href=\"https:\/\/www.etsy.com\/fr\/shop\/SolennLarnicol?ref=simple-shop-header-name&amp;listing_id=1012554833\" aria-label=\"Voir plus de produits de SolennLarnicol, propri\u00e9taire de la boutique\"><span aria-hidden=\"true\">SolennLarnicol<\/span><\/a><\/em><\/p>\n<p>Petite obsession d\u00e9co du moment, <a href=\"tps:\/\/www.etsy.com\/fr\/listing\/1012554833\/koala-soliflore-en-ceramique-vase?ref=shop_home_active_5\">ce koala en c\u00e9ramique<\/a>, parfait pour y glisser les fleurs ramass\u00e9es durant mes balades.<\/p>\n<h2 class=\"stabylo\">Fais le toi-m\u00eame : un petit encas<\/h2>\n<p><img loading=\"lazy\" decoding=\"async\" class=\"wp-image-69918 aligncenter\" src=\"https:\/\/www.deedeeparis.com\/blog\/wp-content\/uploads\/2021\/05\/dattes-fourres-au-chocolat-et-beurre-de-cacahuete-600x900.jpg\" alt=\"\" width=\"368\" height=\"552\" \/><\/p>\n<p style=\"text-align: center;\"><em>Photo @marieclaire<\/em><\/p>\n<p>Un peu de changement pour cette Week List, cette semaine pas de Do it Yourself d\u00e9co\/astuces mais un DIY cuisine ! J\u2019ai d\u00e9couvert cette recette toute simple il y a quelques semaines : dattes + beurre de cacahu\u00e8tes. Je vous laisse d\u00e9couvrir ce petitt d\u00e9lice avec une recette plus \u00e9labor\u00e9e<a href=\"https:\/\/www.marieclaire.fr\/cuisine\/dattes-fourrees-givrees,1207854.asp\"> ici<\/a>.<\/p>\n<h2 class=\"stabylo\">Think about things de DaOI FREYR<\/h2>\n<p>Une jolie d\u00e9couverte musicale entrainante qui sera parfaite pour danser bient\u00f4t en terrasse !<br \/>\n<iframe loading=\"lazy\" src=\"https:\/\/open.spotify.com\/embed\/track\/2iRniYXjMHKmwXqA2jYXP7\" width=\"300\" height=\"380\" frameborder=\"0\"><\/iframe><\/p>\n<p>Par Camille<\/p>\n","protected":false},"excerpt":{"rendered":"<p>Quel bonheur de voir le printemps s\u2019installer pour de bon ! Petit plaisir coupable du moment, retirer mon masque quelques secondes pour humer les odeurs de fleurs ou l\u2019odeur de la pluie qui vient de tomber&#8230; Essayez, vous verrez c\u2019est assez enivrant, vivement qu&rsquo;on soit d\u00e9barrasser de ces masques. Pour l\u2019heure nouvelle semaine, nouveaux coups [&hellip;]<\/p>\n","protected":false},"author":2,"featured_media":69916,"comment_status":"open","ping_status":"open","sticky":false,"template":"","format":"standard","meta":{"_acf_changed":false,"footnotes":""},"categories":[8,1],"tags":[9889,4884,9058,141,510,92],"class_list":["post-69789","post","type-post","status-publish","format-standard","has-post-thumbnail","hentry","category-chroniques-de-paris","category-non-classe","tag-decouverte","tag-diy","tag-idees-deco","tag-musique","tag-printemps","tag-shopping"],"acf":[],"geo":null,"_links":{"self":[{"href":"https:\/\/www.deedeeparis.com\/blog\/wp-json\/wp\/v2\/posts\/69789","targetHints":{"allow":["GET"]}}],"collection":[{"href":"https:\/\/www.deedeeparis.com\/blog\/wp-json\/wp\/v2\/posts"}],"about":[{"href":"https:\/\/www.deedeeparis.com\/blog\/wp-json\/wp\/v2\/types\/post"}],"author":[{"embeddable":true,"href":"https:\/\/www.deedeeparis.com\/blog\/wp-json\/wp\/v2\/users\/2"}],"replies":[{"embeddable":true,"href":"https:\/\/www.deedeeparis.com\/blog\/wp-json\/wp\/v2\/comments?post=69789"}],"version-history":[{"count":7,"href":"https:\/\/www.deedeeparis.com\/blog\/wp-json\/wp\/v2\/posts\/69789\/revisions"}],"predecessor-version":[{"id":69921,"href":"https:\/\/www.deedeeparis.com\/blog\/wp-json\/wp\/v2\/posts\/69789\/revisions\/69921"}],"wp:featuredmedia":[{"embeddable":true,"href":"https:\/\/www.deedeeparis.com\/blog\/wp-json\/wp\/v2\/media\/69916"}],"wp:attachment":[{"href":"https:\/\/www.deedeeparis.com\/blog\/wp-json\/wp\/v2\/media?parent=69789"}],"wp:term":[{"taxonomy":"category","embeddable":true,"href":"https:\/\/www.deedeeparis.com\/blog\/wp-json\/wp\/v2\/categories?post=69789"},{"taxonomy":"post_tag","embeddable":true,"href":"https:\/\/www.deedeeparis.com\/blog\/wp-json\/wp\/v2\/tags?post=69789"}],"curies":[{"name":"wp","href":"https:\/\/api.w.org\/{rel}","templated":true}]}}