{"id":69954,"date":"2021-06-02T11:15:27","date_gmt":"2021-06-02T09:15:27","guid":{"rendered":"https:\/\/www.deedeeparis.com\/blog\/?p=69954"},"modified":"2021-06-02T11:15:27","modified_gmt":"2021-06-02T09:15:27","slug":"4-jeans-que-jaime-bien","status":"publish","type":"post","link":"https:\/\/www.deedeeparis.com\/blog\/4-jeans-que-jaime-bien","title":{"rendered":"4 jeans que j&rsquo;aime bien"},"content":{"rendered":"<p><a href=\"https:\/\/www.deedeeparis.com\/blog\/wp-content\/uploads\/2021\/06\/Jean-couv.jpg\"><img loading=\"lazy\" decoding=\"async\" class=\"aligncenter size-full wp-image-69965\" src=\"https:\/\/www.deedeeparis.com\/blog\/wp-content\/uploads\/2021\/06\/Jean-couv.jpg\" alt=\"\" width=\"1783\" height=\"872\" srcset=\"https:\/\/www.deedeeparis.com\/blog\/wp-content\/uploads\/2021\/06\/Jean-couv.jpg 1783w, https:\/\/www.deedeeparis.com\/blog\/wp-content\/uploads\/2021\/06\/Jean-couv-768x376.jpg 768w, https:\/\/www.deedeeparis.com\/blog\/wp-content\/uploads\/2021\/06\/Jean-couv-1536x751.jpg 1536w, https:\/\/www.deedeeparis.com\/blog\/wp-content\/uploads\/2021\/06\/Jean-couv-600x293.jpg 600w, https:\/\/www.deedeeparis.com\/blog\/wp-content\/uploads\/2021\/06\/Jean-couv-1024x501.jpg 1024w\" sizes=\"auto, (max-width: 1783px) 100vw, 1783px\" \/><\/a><\/p>\n<p style=\"text-align: center;\"><em>Photos \u00a9<a href=\"https:\/\/www.instagram.com\/yleniacuellar\/\">Ylenia Cuellar<\/a><\/em><\/p>\n<p>La qu\u00eate du bon jean, celui qui nous met en valeur, qui souligne convenablement notre silhouette voire, nous fait des fesses d&rsquo;enfer, c&rsquo;est un peu comme la qu\u00eate du Graal&#8230; ! Pendant des ann\u00e9es, je n&rsquo;ai port\u00e9 que des jeans slim. C&rsquo;\u00e9tait, de loin, ceux qui m&rsquo;allaient le mieux. Et puis, l&rsquo;\u00e2ge aidant et probablement quelques autres facteurs \u00e9galement comme, derni\u00e8rement, la grossesse, font que mon corps change. Et mes go\u00fbts aussi probablement.<\/p>\n<p>Hors de question de bazarder les jeans qui me vont, ce sont des p\u00e9pites et je les porte jusqu&rsquo;\u00e0 l&rsquo;usure ! Mais derni\u00e8re, j&rsquo;ai os\u00e9 aller en <em>terra<\/em> plus <em>incognita<\/em> et je ne le regrette pas. La preuve par 4 :<\/p>\n<p><em>NB : l&rsquo;article contient des liens en affiliation, signal\u00e9 par un ast\u00e9risque*<\/em><\/p>\n<h2 class=\"stabylo\">Le jean \u00e0 pince<\/h2>\n<p><a href=\"https:\/\/www.deedeeparis.com\/blog\/wp-content\/uploads\/2021\/06\/Jean-Sezane-scaled.jpg\"><img loading=\"lazy\" decoding=\"async\" class=\"aligncenter size-large wp-image-69962\" src=\"https:\/\/www.deedeeparis.com\/blog\/wp-content\/uploads\/2021\/06\/Jean-Sezane-683x1024.jpg\" alt=\"\" width=\"640\" height=\"960\" srcset=\"https:\/\/www.deedeeparis.com\/blog\/wp-content\/uploads\/2021\/06\/Jean-Sezane-683x1024.jpg 683w, https:\/\/www.deedeeparis.com\/blog\/wp-content\/uploads\/2021\/06\/Jean-Sezane-768x1152.jpg 768w, https:\/\/www.deedeeparis.com\/blog\/wp-content\/uploads\/2021\/06\/Jean-Sezane-1024x1536.jpg 1024w, https:\/\/www.deedeeparis.com\/blog\/wp-content\/uploads\/2021\/06\/Jean-Sezane-1365x2048.jpg 1365w, https:\/\/www.deedeeparis.com\/blog\/wp-content\/uploads\/2021\/06\/Jean-Sezane-600x900.jpg 600w, https:\/\/www.deedeeparis.com\/blog\/wp-content\/uploads\/2021\/06\/Jean-Sezane-scaled.jpg 1707w\" sizes=\"auto, (max-width: 640px) 100vw, 640px\" \/><\/a><\/p>\n<p>Je n&rsquo;aurais pas mis\u00e9 un kopeck sur lui et pourtant : s&rsquo;il est taille haute et qu&rsquo;il marque la taille, la pince peut affiner et galber. Bonne pioche avec ce mod\u00e8le sign\u00e9 <a href=\"https:\/\/bit.ly\/3wTF2qf\" target=\"_blank\" rel=\"noopener\">S\u00e9zane<\/a>*. Il taille normalement, j&rsquo;ai pris un 36.<\/p>\n<h2 class=\"stabylo\">Le fameux 501 vintage recoup\u00e9<\/h2>\n<p><a href=\"https:\/\/www.deedeeparis.com\/blog\/wp-content\/uploads\/2021\/06\/Jean-Levis-vintage-scaled.jpg\"><img loading=\"lazy\" decoding=\"async\" class=\"aligncenter size-large wp-image-69961\" src=\"https:\/\/www.deedeeparis.com\/blog\/wp-content\/uploads\/2021\/06\/Jean-Levis-vintage-683x1024.jpg\" alt=\"\" width=\"640\" height=\"960\" srcset=\"https:\/\/www.deedeeparis.com\/blog\/wp-content\/uploads\/2021\/06\/Jean-Levis-vintage-683x1024.jpg 683w, https:\/\/www.deedeeparis.com\/blog\/wp-content\/uploads\/2021\/06\/Jean-Levis-vintage-768x1152.jpg 768w, https:\/\/www.deedeeparis.com\/blog\/wp-content\/uploads\/2021\/06\/Jean-Levis-vintage-1024x1536.jpg 1024w, https:\/\/www.deedeeparis.com\/blog\/wp-content\/uploads\/2021\/06\/Jean-Levis-vintage-1365x2048.jpg 1365w, https:\/\/www.deedeeparis.com\/blog\/wp-content\/uploads\/2021\/06\/Jean-Levis-vintage-600x900.jpg 600w, https:\/\/www.deedeeparis.com\/blog\/wp-content\/uploads\/2021\/06\/Jean-Levis-vintage-scaled.jpg 1707w\" sizes=\"auto, (max-width: 640px) 100vw, 640px\" \/><\/a><\/p>\n<p>C&rsquo;\u00e9tait un de ceux que je cherchais depuis le plus longtemps, le fameux 501. C&rsquo;est chez Merci, c\u00f4t\u00e9 vintage, que je l&rsquo;ai trouv\u00e9. L&rsquo;enseigne propose quelques mod\u00e8les recoup\u00e9s : la taille est toujours bien haute, mais les jambes sont un chou\u00efa resserr\u00e9es, ce que je trouve largement plus seyant pour la silhouette.<\/p>\n<p>Si vous avez un ou une bonne retoucheuse, ou mieux encore que vous disposez d&rsquo;une machine \u00e0 coudre, foncez en friperie, prenez un jean qui vous convient \u00e0 la taille et occupez-vous vous-m\u00eame de la retouche !<\/p>\n<h2 class=\"stabylo\">Le jean droit<\/h2>\n<p><a href=\"https:\/\/www.deedeeparis.com\/blog\/wp-content\/uploads\/2021\/06\/Jean-Le-pantalon-ok-scaled.jpg\"><img loading=\"lazy\" decoding=\"async\" class=\"aligncenter size-large wp-image-69960\" src=\"https:\/\/www.deedeeparis.com\/blog\/wp-content\/uploads\/2021\/06\/Jean-Le-pantalon-ok-683x1024.jpg\" alt=\"\" width=\"640\" height=\"960\" srcset=\"https:\/\/www.deedeeparis.com\/blog\/wp-content\/uploads\/2021\/06\/Jean-Le-pantalon-ok-683x1024.jpg 683w, https:\/\/www.deedeeparis.com\/blog\/wp-content\/uploads\/2021\/06\/Jean-Le-pantalon-ok-768x1152.jpg 768w, https:\/\/www.deedeeparis.com\/blog\/wp-content\/uploads\/2021\/06\/Jean-Le-pantalon-ok-1024x1536.jpg 1024w, https:\/\/www.deedeeparis.com\/blog\/wp-content\/uploads\/2021\/06\/Jean-Le-pantalon-ok-1365x2048.jpg 1365w, https:\/\/www.deedeeparis.com\/blog\/wp-content\/uploads\/2021\/06\/Jean-Le-pantalon-ok-600x900.jpg 600w, https:\/\/www.deedeeparis.com\/blog\/wp-content\/uploads\/2021\/06\/Jean-Le-pantalon-ok-scaled.jpg 1707w\" sizes=\"auto, (max-width: 640px) 100vw, 640px\" \/><\/a><\/p>\n<p>J&rsquo;adore les jean un peu \u00ab\u00a0chill\u00a0\u00bb, un peu ample, voyez ? Mais sur moi, c&rsquo;est vite une catastrophe&#8230; Super bonne surprise avec ce mod\u00e8le sign\u00e9 <a href=\"https:\/\/www.lepantalon.fr\/fr\/jeans\/271-jean-droit-noir.html\" target=\"_blank\" rel=\"noopener\">LePantalon<\/a> : confectionn\u00e9 dans le respect de l\u2019Homme et de l\u2019environnement dans les ateliers europ\u00e9ens de la marque, c&rsquo;est un joli basique dans lequel je me sens bien et que je vais pouvoir porter longtemps ! La marque a cr\u00e9e <a href=\"https:\/\/www.lepantalon.fr\/fr\/53-jeans\" target=\"_blank\" rel=\"noopener\">7 mod\u00e8les atemporels<\/a>, bien coup\u00e9s et \u00e0 porter toute l&rsquo;ann\u00e9e.<\/p>\n<p>Il taille un peu petit, j&rsquo;ai pris un 38.<\/p>\n<h2 class=\"stabylo\">Le jean slim<\/h2>\n<p><a href=\"https:\/\/www.deedeeparis.com\/blog\/wp-content\/uploads\/2021\/06\/Jean-AGOLDE-scaled.jpg\"><img loading=\"lazy\" decoding=\"async\" class=\"aligncenter size-large wp-image-69963\" src=\"https:\/\/www.deedeeparis.com\/blog\/wp-content\/uploads\/2021\/06\/Jean-AGOLDE-682x1024.jpg\" alt=\"\" width=\"640\" height=\"961\" srcset=\"https:\/\/www.deedeeparis.com\/blog\/wp-content\/uploads\/2021\/06\/Jean-AGOLDE-682x1024.jpg 682w, https:\/\/www.deedeeparis.com\/blog\/wp-content\/uploads\/2021\/06\/Jean-AGOLDE-768x1152.jpg 768w, https:\/\/www.deedeeparis.com\/blog\/wp-content\/uploads\/2021\/06\/Jean-AGOLDE-1024x1536.jpg 1024w, https:\/\/www.deedeeparis.com\/blog\/wp-content\/uploads\/2021\/06\/Jean-AGOLDE-1365x2048.jpg 1365w, https:\/\/www.deedeeparis.com\/blog\/wp-content\/uploads\/2021\/06\/Jean-AGOLDE-600x900.jpg 600w, https:\/\/www.deedeeparis.com\/blog\/wp-content\/uploads\/2021\/06\/Jean-AGOLDE-scaled.jpg 1706w\" sizes=\"auto, (max-width: 640px) 100vw, 640px\" \/><\/a><\/p>\n<p>Taille haute, jambe slim assez proche du corps et longueur 7\/8 : j&rsquo;aime bien ces coupes garanties sans aucune prise de t\u00eate ! Agolde propose des jeans en coton bio, la qualit\u00e9 est l\u00e0 encore dingue, le coton est bien \u00e9pais. Ce mod\u00e8le s&rsquo;appelle Riley, on le trouve sur <a href=\"https:\/\/www.janedeboy.com\/agolde-jean-slim-taille-haute-riley-a47836.aspx?ae=26\" target=\"_blank\" rel=\"noopener\">Jane de Boy<\/a>*. Il taille normalement.<\/p>\n<p>Voil\u00e0. J&rsquo;esp\u00e8re vous avoir donn\u00e9 quelques pistes pour d\u00e9goter votre jean de bonnasse ! \ud83d\ude42<\/p>\n","protected":false},"excerpt":{"rendered":"<p>Photos \u00a9Ylenia Cuellar La qu\u00eate du bon jean, celui qui nous met en valeur, qui souligne convenablement notre silhouette voire, nous fait des fesses d&rsquo;enfer, c&rsquo;est un peu comme la qu\u00eate du Graal&#8230; ! Pendant des ann\u00e9es, je n&rsquo;ai port\u00e9 que des jeans slim. C&rsquo;\u00e9tait, de loin, ceux qui m&rsquo;allaient le mieux. Et puis, l&rsquo;\u00e2ge [&hellip;]<\/p>\n","protected":false},"author":2,"featured_media":69965,"comment_status":"open","ping_status":"open","sticky":false,"template":"","format":"standard","meta":{"_acf_changed":false,"footnotes":""},"categories":[25,7937],"tags":[9890,6669,8349,9892,9891,1330,8747,9669],"class_list":["post-69954","post","type-post","status-publish","format-standard","has-post-thumbnail","hentry","category-lookbook-mode-a-paris","category-mode-a-paris","tag-bien-choisir-son-jean","tag-jean-de-bonnasse","tag-jean-levis-vintage","tag-jean-seconde-main","tag-jean-vintage","tag-mode-a-paris","tag-mode-responsable","tag-seconde-main"],"acf":[],"geo":null,"_links":{"self":[{"href":"https:\/\/www.deedeeparis.com\/blog\/wp-json\/wp\/v2\/posts\/69954","targetHints":{"allow":["GET"]}}],"collection":[{"href":"https:\/\/www.deedeeparis.com\/blog\/wp-json\/wp\/v2\/posts"}],"about":[{"href":"https:\/\/www.deedeeparis.com\/blog\/wp-json\/wp\/v2\/types\/post"}],"author":[{"embeddable":true,"href":"https:\/\/www.deedeeparis.com\/blog\/wp-json\/wp\/v2\/users\/2"}],"replies":[{"embeddable":true,"href":"https:\/\/www.deedeeparis.com\/blog\/wp-json\/wp\/v2\/comments?post=69954"}],"version-history":[{"count":6,"href":"https:\/\/www.deedeeparis.com\/blog\/wp-json\/wp\/v2\/posts\/69954\/revisions"}],"predecessor-version":[{"id":69967,"href":"https:\/\/www.deedeeparis.com\/blog\/wp-json\/wp\/v2\/posts\/69954\/revisions\/69967"}],"wp:featuredmedia":[{"embeddable":true,"href":"https:\/\/www.deedeeparis.com\/blog\/wp-json\/wp\/v2\/media\/69965"}],"wp:attachment":[{"href":"https:\/\/www.deedeeparis.com\/blog\/wp-json\/wp\/v2\/media?parent=69954"}],"wp:term":[{"taxonomy":"category","embeddable":true,"href":"https:\/\/www.deedeeparis.com\/blog\/wp-json\/wp\/v2\/categories?post=69954"},{"taxonomy":"post_tag","embeddable":true,"href":"https:\/\/www.deedeeparis.com\/blog\/wp-json\/wp\/v2\/tags?post=69954"}],"curies":[{"name":"wp","href":"https:\/\/api.w.org\/{rel}","templated":true}]}}