{"id":701,"date":"2008-03-14T10:20:46","date_gmt":"2008-03-14T10:20:46","guid":{"rendered":"https:\/\/www.deedeeparis.com\/wordpress\/2139-envie-de-printemps"},"modified":"2008-03-14T10:20:46","modified_gmt":"2008-03-14T10:20:46","slug":"envie-de-printemps","status":"publish","type":"post","link":"https:\/\/www.deedeeparis.com\/blog\/envie-de-printemps","title":{"rendered":"Envie de printemps"},"content":{"rendered":"<p><img decoding=\"async\" src=\"\/blog\/images\/Humeur\/terrasse-cafe.jpg\" alt=\"\" \/><\/p>\n<p>Hier, je suis sortie du boulot et il m&rsquo;est arriv\u00e9 un truc de dingue&nbsp;: il faisait jour. Bon, d&rsquo;accord, je suis partie un peu plus t\u00f4t qu&rsquo;\u00e0 mon habitude, \u00e0 18h30. J&rsquo;avais pris mon apr\u00e8s-midi&#8230; (Appr\u00e9ciez la blague vintage).<\/p>\n<p>Et tout cela m&rsquo;a salement donn\u00e9 envie de printemps que dis-je, de Printemps. Marre de la pluie, du froid, je veux&nbsp;:<\/p>\n<ul>\n<li>retrouver les matins calins o\u00f9 le soleil filtre \u00e0 travers les volets (et en attendant, recevoir MON REVEIL EVEIL LUMIERE haaaaaaaaaannnnnnnnnn)<\/li>\n<li>pouvoir terminer ma dure journ\u00e9e de labeur par un ap\u00e9ro terrasse et son verre de Brouilly qui fait les dents marron mais c&rsquo;est pas grave, c&rsquo;est tellement bon<\/li>\n<li>ressortir les petites robes, les petites vestes et oublier d\u00e9finitivement les manteaux lourds, lourds, lourds<\/li>\n<li>inventer des pauses dej au soleil, pourquoi pas dans le parc en face de mon bureau o\u00f9 les jolis pompiers font leurs foul\u00e9es 3 fois par jour<\/li>\n<li>porter mes nus-pieds&nbsp;! (bon d&rsquo;accord, je m&#8217;emballe peut-\u00eatre un peu sur le nu-pied&#8230; d\u00e9j\u00e0 qu&rsquo;en plein mois d&rsquo;ao\u00fbt \u00e0 Paris, c&rsquo;est pas gagn\u00e9 le championnat&#8230;)<\/li>\n<li>d\u00e9gainer mes lunettes de soleil qui attentent religieusement au fond de mon sac-\u00e0-main et qui \u00e9videmment, ne voient pas souvent le jour<\/li>\n<li>retrouver la douceur de vivre de Paris sous les beaux jours<\/li>\n<li>m&rsquo;allonger \u00e0 nouveau dans un transat aux Tuileries (ou sur un coin de plaid dans n&rsquo;importe quel autre endroit dot\u00e9 d&rsquo;arbres, de pelouses et de soleil)<\/li>\n<\/ul>\n<p>En attendant, je m&rsquo;\u00e9vertue \u00e0 ne pas oublier mon parapluie qui lui aussi, habite \u00e0 plein temps dans mon sac-\u00e0-main mais qui curieusement, voit beaucoup plus souvent le jour que ses cons&#339;urs&#8230;<\/p>\n","protected":false},"excerpt":{"rendered":"<p><img decoding=\"async\" src=\"\/blog\/images\/Humeur\/terrasse-cafe.jpg\" alt=\"\" \/><\/p>\n<p>Hier, je suis sortie du boulot et il m&rsquo;est arriv\u00e9 un truc de dingue&nbsp;: il faisait jour. Bon, d&rsquo;accord, je suis partie un peu plus t\u00f4t qu&rsquo;\u00e0 mon habitude, \u00e0 18h30. J&rsquo;avais pris mon apr\u00e8s-midi&#8230; (Appr\u00e9ciez la blague vintage).<\/p>\n<p>Et tout cela m&rsquo;a salement donn\u00e9 envie de printemps que dis-je, de Printemps. Marre de la pluie, du froid, je veux&nbsp;:<\/p>\n","protected":false},"author":2,"featured_media":0,"comment_status":"open","ping_status":"open","sticky":false,"template":"","format":"standard","meta":{"_acf_changed":false,"footnotes":""},"categories":[8],"tags":[513,511,515,514,512,60,510,42,516,72],"class_list":["post-701","post","type-post","status-publish","format-standard","hentry","category-chroniques-de-paris","tag-arbre","tag-beaux-jours","tag-lunettes-de-soleil","tag-parapluie","tag-parc","tag-paris","tag-printemps","tag-soleil","tag-tuileries","tag-vintage"],"acf":[],"geo":null,"_links":{"self":[{"href":"https:\/\/www.deedeeparis.com\/blog\/wp-json\/wp\/v2\/posts\/701","targetHints":{"allow":["GET"]}}],"collection":[{"href":"https:\/\/www.deedeeparis.com\/blog\/wp-json\/wp\/v2\/posts"}],"about":[{"href":"https:\/\/www.deedeeparis.com\/blog\/wp-json\/wp\/v2\/types\/post"}],"author":[{"embeddable":true,"href":"https:\/\/www.deedeeparis.com\/blog\/wp-json\/wp\/v2\/users\/2"}],"replies":[{"embeddable":true,"href":"https:\/\/www.deedeeparis.com\/blog\/wp-json\/wp\/v2\/comments?post=701"}],"version-history":[{"count":0,"href":"https:\/\/www.deedeeparis.com\/blog\/wp-json\/wp\/v2\/posts\/701\/revisions"}],"wp:attachment":[{"href":"https:\/\/www.deedeeparis.com\/blog\/wp-json\/wp\/v2\/media?parent=701"}],"wp:term":[{"taxonomy":"category","embeddable":true,"href":"https:\/\/www.deedeeparis.com\/blog\/wp-json\/wp\/v2\/categories?post=701"},{"taxonomy":"post_tag","embeddable":true,"href":"https:\/\/www.deedeeparis.com\/blog\/wp-json\/wp\/v2\/tags?post=701"}],"curies":[{"name":"wp","href":"https:\/\/api.w.org\/{rel}","templated":true}]}}