{"id":844,"date":"2008-06-19T07:57:06","date_gmt":"2008-06-19T07:57:06","guid":{"rendered":"https:\/\/www.deedeeparis.com\/wordpress\/2009-si-lutece-m-etait-contee"},"modified":"2008-06-19T07:57:06","modified_gmt":"2008-06-19T07:57:06","slug":"si-lutece-m-etait-contee","status":"publish","type":"post","link":"https:\/\/www.deedeeparis.com\/blog\/si-lutece-m-etait-contee","title":{"rendered":"Si Lut\u00e8ce m&rsquo;\u00e9tait cont\u00e9e&#8230;"},"content":{"rendered":"<p><img decoding=\"async\" src=\"\/blog\/images\/Paris plein les mirettes\/Lutetia.jpg\" alt=\"\" \/><\/p>\n<p>A part la Tour Eiffel, je prends rarement en photos des monuments parisiens. Que ce soit des monuments touristiques ou des embl\u00e8mes de Paris, comme c&rsquo;est le cas du Lutetia.<\/p>\n<p>Pour autant, ce jour l\u00e0, j&rsquo;\u00e9tais dans le quartier. Il faisait un temps radieusement beau, les premiers beaux jours depuis bien longtemps. Je m&rsquo;balladais, le coeur ouvert \u00e0 l&rsquo;inconnu quand tout \u00e0 coup, il s&rsquo;est dress\u00e9 devant moi&nbsp;: non, pas l&rsquo;exhibi du quartier, arr\u00eatez de d\u00e9lirer !, mais lui, le Lutetia.<\/p>\n<p>J&rsquo;aime le ciel parfaitement bleu qui encadre parfaitement cette fa\u00e7ade baign\u00e9e de soleil, la puret\u00e9 de la pierre, l&rsquo;enseigne, qui d\u00e9note au milieu de ces moulures et empoulures (oui, c&rsquo;est un mot qui ne veut rien dire. Et alors ?), l&rsquo;imposante tranquillit\u00e9 de l&rsquo;ensemble. Et la fen\u00eatre entrouverte, l\u00e0, sur la gauche, qui redonne un peu d&rsquo;humanit\u00e9 \u00e0 ce b\u00e2timent qui eut pu \u00eatre aust\u00e8re, autrement.<\/p>\n<p>Clic clac Kodak (*), un instant plus tard, je ravissais cet instant de puret\u00e9 et le gardais jalousement dans mon boitier.<\/p>\n<p>(*) Eh non, ce billet n&rsquo;est pas sponsoris\u00e9&#8230; Try again&nbsp;!<\/p>\n","protected":false},"excerpt":{"rendered":"<p><img decoding=\"async\" src=\"\/blog\/images\/Paris plein les mirettes\/Lutetia.jpg\" alt=\"\" \/><\/p>\n<p>A part la Tour Eiffel, je prends rarement en photos des monuments parisiens. Que ce soit des monuments touristiques ou des embl\u00e8mes de Paris, comme c&rsquo;est le cas du Lutetia.<\/p>\n","protected":false},"author":2,"featured_media":0,"comment_status":"open","ping_status":"open","sticky":false,"template":"","format":"standard","meta":{"_acf_changed":false,"footnotes":""},"categories":[16],"tags":[358,764,818,763,60,146],"class_list":["post-844","post","type-post","status-publish","format-standard","hentry","category-photos-de-paris","tag-hotel","tag-immeubles","tag-lutetia","tag-mirettes","tag-paris","tag-photo"],"acf":[],"geo":null,"_links":{"self":[{"href":"https:\/\/www.deedeeparis.com\/blog\/wp-json\/wp\/v2\/posts\/844","targetHints":{"allow":["GET"]}}],"collection":[{"href":"https:\/\/www.deedeeparis.com\/blog\/wp-json\/wp\/v2\/posts"}],"about":[{"href":"https:\/\/www.deedeeparis.com\/blog\/wp-json\/wp\/v2\/types\/post"}],"author":[{"embeddable":true,"href":"https:\/\/www.deedeeparis.com\/blog\/wp-json\/wp\/v2\/users\/2"}],"replies":[{"embeddable":true,"href":"https:\/\/www.deedeeparis.com\/blog\/wp-json\/wp\/v2\/comments?post=844"}],"version-history":[{"count":0,"href":"https:\/\/www.deedeeparis.com\/blog\/wp-json\/wp\/v2\/posts\/844\/revisions"}],"wp:attachment":[{"href":"https:\/\/www.deedeeparis.com\/blog\/wp-json\/wp\/v2\/media?parent=844"}],"wp:term":[{"taxonomy":"category","embeddable":true,"href":"https:\/\/www.deedeeparis.com\/blog\/wp-json\/wp\/v2\/categories?post=844"},{"taxonomy":"post_tag","embeddable":true,"href":"https:\/\/www.deedeeparis.com\/blog\/wp-json\/wp\/v2\/tags?post=844"}],"curies":[{"name":"wp","href":"https:\/\/api.w.org\/{rel}","templated":true}]}}