{"id":8927,"date":"2010-10-21T07:38:40","date_gmt":"2010-10-21T05:38:40","guid":{"rendered":"https:\/\/www.deedeeparis.com\/blog\/?p=8927"},"modified":"2010-10-21T11:53:33","modified_gmt":"2010-10-21T09:53:33","slug":"slick-2010","status":"publish","type":"post","link":"https:\/\/www.deedeeparis.com\/blog\/slick-2010","title":{"rendered":"Just Breathe"},"content":{"rendered":"<p><a rel=\"attachment wp-att-8928\" href=\"https:\/\/www.deedeeparis.com\/blog\/slick-2010\/photo-6\"><img loading=\"lazy\" decoding=\"async\" class=\"size-full wp-image-8928 alignnone\" title=\"photo slick\" src=\"https:\/\/www.deedeeparis.com\/blog\/wp-content\/uploads\/2010\/10\/photo.jpg\" alt=\"\" width=\"500\" height=\"667\" \/><\/a><\/p>\n<p>En ce moment, je me culture \u00e9norm\u00e9ment. L&rsquo;adage qui voudrait que l&rsquo;auteur d&rsquo;un blog de fille (et salari\u00e9e d&rsquo;un groupe de presse f\u00e9minine de surcroit) soit forc\u00e9ment une d\u00e9c\u00e9r\u00e9br\u00e9e du neurone m&rsquo;atteint peut \u00eatre plus que je ne le voudrais ! Allez savoir.<\/p>\n<p>Toujours est-il que j&rsquo;enchaine. Basquiat dimanche, Blonde \/ Brune a planifier asap. Et le Slick, donc.<\/p>\n<p>J&rsquo;en entends par l\u00e0 qui ralochent, \u00e0 base de soi-disant que je ferais de l&rsquo;obscurantisme parisiano-bobo. Tssss.<\/p>\n<p>En deux mots, le Slick est \u00ab\u00a0La foire de d\u00e9couverte de la cr\u00e9ation contemporaine\u00a0\u00bb (sic, donc). Et c&rsquo;est plut\u00f4t pas mal du tout. On y croise des peintures,\u00a0 des sculptures et tout un tas d&rsquo;\u0153uvres d&rsquo;art plus ou moins inspir\u00e9es. Mais int\u00e9ressantes, \u00e0 n&rsquo;en pas douter (sauf ces esp\u00e8ces de b\u00e9b\u00e9s en couche culotte pendus sur un c\u00e2ble \u00e9lectrique par la bouche. Oh, il y avait s\u00fbrement une m\u00e9taphore de la vie, l&rsquo;amour, la mort, tout \u00e7a. Mais elle s&rsquo;\u00e9tait trop bien cach\u00e9e pour que je la d\u00e9niche).<\/p>\n<p>Au Slick, j&rsquo;ai m\u00eame vu les premiers chats de <a title=\"Mr Chat\" href=\"https:\/\/www.deedeeparis.com\/blog\/chaton-street-art\" target=\"_blank\">Mr Chat<\/a> en couleur, et sur une toile. Croyez-le ou non, \u00e7a m&rsquo;a \u00e9motionn\u00e9e de voir mon fid\u00e8le matou d\u00e9clin\u00e9 dans tant de couleurs.<\/p>\n<p>Et sur la photo, me direz-vous ? C&rsquo;est l&rsquo;entr\u00e9e du Slick, entre le Palais de Tokyo et le Mus\u00e9e d&rsquo;Art Moderne. Je suis, je l&rsquo;avoue, tr\u00e8s sensible \u00e0 cette injonction, \u00ab\u00a0breathe\u00a0\u00bb, qui rejoint mon mantra du moment \u00ab\u00a0l\u00e2cher prise\u00a0\u00bb. Et j&rsquo;aime bien ces deux silhouettes qui se d\u00e9tachent, sur fond de Tour Eiffel qui clignoooote (j&rsquo;ai beau assister \u00e0 ce spectacle tr\u00e8s souvent, je crois que je ne m&rsquo;en lasserai jamais).<\/p>\n<p>Voil\u00e0, c&rsquo;est tout pour aujourd&rsquo;hui !<\/p>\n<p><em>Et si d&rsquo;aventure vous voulez vous rendre au Slick :<\/em><\/p>\n<p><em><a title=\"Slick\" href=\"http:\/\/www.slick-paris.com\/\" target=\"_blank\">Slick<\/a> \/\/ Du 21 au 24 octobre 2010<br \/>\nEsplanade du Palais de Tokyo et Mus\u00e9e d&rsquo;Art moderne de la Ville de Paris<br \/>\n11-13, av du Pr\u00e9sident Wilson, 75116 Paris<br \/>\nTarifs\u00a0: 10 euros tarif plein &#8211; 7 euros tarif r\u00e9duit<\/em><\/p>\n","protected":false},"excerpt":{"rendered":"<p>En ce moment, je me culture \u00e9norm\u00e9ment. L&rsquo;adage qui voudrait que l&rsquo;auteur d&rsquo;un blog de fille (et salari\u00e9e d&rsquo;un groupe de presse f\u00e9minine de surcroit) soit forc\u00e9ment une d\u00e9c\u00e9r\u00e9br\u00e9e du neurone m&rsquo;atteint peut \u00eatre plus que je ne le voudrais ! Allez savoir. Toujours est-il que j&rsquo;enchaine. Basquiat dimanche, Blonde \/ Brune a planifier asap. [&hellip;]<\/p>\n","protected":false},"author":2,"featured_media":8928,"comment_status":"open","ping_status":"open","sticky":false,"template":"","format":"standard","meta":{"_acf_changed":false,"footnotes":""},"categories":[5,16],"tags":[1207,3385,3386,180,1238,3384,9,1059,1407],"class_list":["post-8927","post","type-post","status-publish","format-standard","has-post-thumbnail","hentry","category-culture-confiture","category-photos-de-paris","tag-culture-a-paris","tag-foire-dart-contemporain","tag-mr-chat","tag-palais-de-tokyo","tag-slick","tag-slick-2010","tag-sortir-a-paris","tag-street-art","tag-street-art-a-paris"],"acf":[],"geo":null,"_links":{"self":[{"href":"https:\/\/www.deedeeparis.com\/blog\/wp-json\/wp\/v2\/posts\/8927","targetHints":{"allow":["GET"]}}],"collection":[{"href":"https:\/\/www.deedeeparis.com\/blog\/wp-json\/wp\/v2\/posts"}],"about":[{"href":"https:\/\/www.deedeeparis.com\/blog\/wp-json\/wp\/v2\/types\/post"}],"author":[{"embeddable":true,"href":"https:\/\/www.deedeeparis.com\/blog\/wp-json\/wp\/v2\/users\/2"}],"replies":[{"embeddable":true,"href":"https:\/\/www.deedeeparis.com\/blog\/wp-json\/wp\/v2\/comments?post=8927"}],"version-history":[{"count":5,"href":"https:\/\/www.deedeeparis.com\/blog\/wp-json\/wp\/v2\/posts\/8927\/revisions"}],"predecessor-version":[{"id":8935,"href":"https:\/\/www.deedeeparis.com\/blog\/wp-json\/wp\/v2\/posts\/8927\/revisions\/8935"}],"wp:featuredmedia":[{"embeddable":true,"href":"https:\/\/www.deedeeparis.com\/blog\/wp-json\/wp\/v2\/media\/8928"}],"wp:attachment":[{"href":"https:\/\/www.deedeeparis.com\/blog\/wp-json\/wp\/v2\/media?parent=8927"}],"wp:term":[{"taxonomy":"category","embeddable":true,"href":"https:\/\/www.deedeeparis.com\/blog\/wp-json\/wp\/v2\/categories?post=8927"},{"taxonomy":"post_tag","embeddable":true,"href":"https:\/\/www.deedeeparis.com\/blog\/wp-json\/wp\/v2\/tags?post=8927"}],"curies":[{"name":"wp","href":"https:\/\/api.w.org\/{rel}","templated":true}]}}