{"id":8946,"date":"2010-10-25T07:36:12","date_gmt":"2010-10-25T05:36:12","guid":{"rendered":"https:\/\/www.deedeeparis.com\/blog\/?p=8946"},"modified":"2010-10-25T11:10:42","modified_gmt":"2010-10-25T09:10:42","slug":"interview-blog-dandies","status":"publish","type":"post","link":"https:\/\/www.deedeeparis.com\/blog\/interview-blog-dandies","title":{"rendered":"Interview parisienne de la semaine : S\u00e9bastien, du blog Dandies"},"content":{"rendered":"<p><a rel=\"attachment wp-att-8958\" href=\"https:\/\/www.deedeeparis.com\/blog\/interview-blog-dandies\/dandies\"><img loading=\"lazy\" decoding=\"async\" class=\"shadowless\" title=\"dandies\" src=\"https:\/\/www.deedeeparis.com\/blog\/wp-content\/uploads\/2010\/10\/dandies.jpg\" alt=\"\" width=\"491\" height=\"600\" \/><\/a><\/p>\n<p><em>\u00a9photo <em><a title=\"Roman Jehanno\" href=\"http:\/\/www.romanjehanno.com\/\" target=\"_blank\">Roman Jehanno<\/a> <\/em><\/em><\/p>\n<p>Nouvelle semaine&#8230; nouvelle interview parisienne !<\/p>\n<p>J&rsquo;esp\u00e8re que vous aimez toujours le genre. Je m&rsquo;inqui\u00e8te devant le peu de r\u00e9actions suscit\u00e9es par les \u00e9ditions pr\u00e9c\u00e9dentes.<\/p>\n<p>Vous noterez que je tente d\u00e9sesp\u00e9r\u00e9ment d&rsquo;app\u00e2ter le chaland en collant du beau gosse \u00e0 tout va. D&rsquo;abord <a title=\"Birdy et Ricotta\" href=\"https:\/\/www.deedeeparis.com\/blog\/interview-birdy-et-ricotta\" target=\"_blank\">Guillaume<\/a> et cette semaine S\u00e9bastien.<\/p>\n<p>S\u00e9bastien est le blogueur aux manettes de <a title=\"Dandies\" href=\"http:\/\/www.dandies.fr\/\" target=\"_blank\">dandies.fr<\/a>. Un des rares blog d&rsquo;homme que je suis avec assiduit\u00e9. Et m\u00eame si S\u00e9bastien n&rsquo;est pas enti\u00e8rement parisien (un suresnois, en d&rsquo;autres termes&#8230;. un banlieusard, diantre !), il a accept\u00e9 de r\u00e9pondre \u00e0 l&rsquo;interview parisienne.<\/p>\n<p>Voil\u00e0 ses r\u00e9ponses :<\/p>\n<p><strong>? <\/strong><strong>Qui es-tu ?<\/strong><br \/>\nBonjour Deedee.<br \/>\nQui suis-je ? S\u00e9bastien Claudet, 30 ans, suresnois, brun, 1m78, 75 kilos, M\u00e9dia Planner digital et cr\u00e9ateur d\u2019un blog sur la mode Homme, <a title=\"Dandies\" href=\"http:\/\/www.dandies.fr\/\" target=\"_blank\">dandies.fr<\/a>.<\/p>\n<p><strong>? <\/strong><strong>Te d\u00e9finirais-tu comme un parisien de naissance, un parisien de c\u0153ur ou un parisien de passage ?<\/strong><br \/>\nDifficile de te r\u00e9pondre. D\u00e9finitivement pas un parisien de passage. J\u2019h\u00e9siterai plus entre les deux premiers choix.<br \/>\nBien que la distinction entre la banlieue et Paris est quasi inexistante pour moi, je dirai que je suis Parisien de naissance mais Suresnois de c\u0153ur.<\/p>\n<p>Pourquoi ?<br \/>\nHabitant depuis une trentaine d\u2019ann\u00e9es dans un petit village aux portes de Paris (Non, il serait trop simple de me cat\u00e9goriser de banlieusard), j\u2019aime habiter Suresnes qui me fait b\u00e9n\u00e9ficier tous les bons c\u00f4t\u00e9s de la vie Parisienne sans les inconv\u00e9nients que je lui reproche. Quoi de mieux que d\u2019\u00eatre dans un petit village o\u00f9 il fait bon vivre avec la proximit\u00e9 de Paris \u00e0 sa port\u00e9e.<br \/>\nPour les banlieuso- sceptiques, en scooter, nous sommes rapidement dans Paris, 5 min pour les champs, 15 pour Chatelet, 25 pour R\u00e9publique, que demander de plus. Ainsi d\u00e9couvrir les bars et restaurants ou m\u00eame se balader dans Paris est un jeu d\u2019enfants. A c\u00f4t\u00e9 de \u00e7a, on peut b\u00e9n\u00e9ficier de la tranquillit\u00e9 du bas de Suresnes, de son petit pub, de son petit caf\u00e9 et de ses petits restaurants mais aussi de sa proximit\u00e9 du bois pour aller se promener, faire du v\u00e9lo, ou autre. Plus personnellement, Suresnes me permet d\u2019\u00eatre pr\u00e8s de ses proches et de ma famille. C\u2019est d\u00e9finitivement un combo que j\u2019aurai d\u00fb mal \u00e0 quitter.<\/p>\n<p><strong>? <\/strong><strong>Si tu devais d\u00e9finir Paris en quelques mots\u2026<\/strong><br \/>\nAntinomique, beau, culturel, terrasse, travail, bon vivre, stress et gris. En gros, ce que j\u2019aime en Paris, c\u2019est Paris au mois d\u2019Ao\u00fbt.<\/p>\n<p><strong>? <\/strong><strong>Si Paris \u00e9tait une chanson ?<\/strong><br \/>\nMmmm\u2026 Ardu. Je dirais I Love Paris de Frank Sinatra (la version d\u2019Ella Fitzgerald se laisse aussi tr\u00e8s bien \u00e9couter)<\/p>\n<p><strong>? <\/strong><strong>Si Paris \u00e9tait un parfum ?<\/strong><br \/>\nChanel n\u00b05. Tout simplement car ma grand-m\u00e8re est la premi\u00e8re \u00e0 m\u2019avoir fait visiter Paris. Je me souviens de longues marches \u00e0 ses c\u00f4t\u00e9s et Chanel n\u00b05 \u00e9tait tout simplement son parfum.<\/p>\n<p><strong>? <\/strong><strong>Si tu devais quitter Paris, tu serais\u2026<\/strong><br \/>\n\u2026perdu. Il faudrait que cela soit une grande ville ou qu\u2019il y ait des atouts comme la mer ou la montagne \u00e0 proximit\u00e9. J\u2019abandonnerai Paris pour des villes \u00e0 l\u2019\u00e9tranger comme Santa Monica, Londres ou une \u00eele paradisiaque.<\/p>\n<p><strong>? <\/strong><strong>Ton restaurant pr\u00e9f\u00e9r\u00e9 ?<\/strong><br \/>\nPour un ventre sur pattes tel que moi difficile \u00e0 dire, il y en a tant. Mon pr\u00e9f\u00e9r\u00e9 Chez Denise autrement appel\u00e9 <a title=\"Restaurant Paris\" href=\"http:\/\/www.linternaute.com\/sortir\/sorties\/resto\/paris\/restos-pot-au-feu\/denise\/chez-denise-tour-montlhery.shtml\" target=\"_blank\">La Tour de Montlh\u00e9ry<\/a> pr\u00e8s de l\u2019Eglise Saint Eustache dans le 1er &#8211; 5, rue des Prouvaires, un endroit o\u00f9 faire bonne ch\u00e8re. (Les habitu\u00e9s comprendront l\u2019allusion)<br \/>\nIl y a aussi le <a title=\"Coupe chou paris\" href=\"https:\/\/www.deedeeparis.com\/blog\/le-coupe-chou\" target=\"_blank\">Coupe Chou<\/a> dans le 5\u00e8me, pr\u00e8s des grandes \u00e9coles (9-11, rue de Lanneau). Poutres et pierres apparentes, l\u2019endroit est parfait pour oublier le temps et la cuisine trad. nous transporte.<\/p>\n<p><strong>? <\/strong><strong>Ton caf\u00e9\/bar\/salon de th\u00e9 pr\u00e9f\u00e9r\u00e9 ?<\/strong><br \/>\nSalon de th\u00e9 ? Comment ne pas citer Angelina, c\u2019est quasi obligatoire.<\/p>\n<p>Pour les bars, je dirais plus le Fumoir, l\u2019Andy Wahloo, le P\u2019tit Railleur, le Kitsch. Les bars d\u00e9pendent de mes humeurs et\/ou des rencontres de la soir\u00e9e. Heureusement, tu ne m\u2019as pas demand\u00e9 les pubs. Je me tairais donc sur tous mes petits endroits o\u00f9 la bi\u00e8re coule \u00e0 foison.<\/p>\n<p><strong>? <\/strong><strong>Ta boutique pr\u00e9f\u00e9r\u00e9e ?<\/strong><br \/>\nRien d\u2019exceptionnel. Old England, les galeries Lafayette, le Bon March\u00e9. J\u2019aime voir plein de styles, de marques diff\u00e9rentes recentr\u00e9es dans un m\u00eame endroit. Mais je trouve plus mon inspiration dans le shopping en ligne. Je suis un aficionado des ecommer\u00e7ants, on y trouve des p\u00e9pites. Un en particulier ? Le dernier en date : Johan Lindeberg &#8211; http:\/\/www.jlindeberg.com\/#maincollection<\/p>\n<p><strong>? <\/strong><strong>Pour toi, le m\u00e9tro, c\u2019est\u2026<\/strong><br \/>\n\u2026une histoire d\u2019amour pass\u00e9e. J\u2019ai quitt\u00e9, renonc\u00e9 au m\u00e9tro pour le tromper ouvertement avec mon scooter. Quelle joie de pouvoir se balader aussi rapidement dans les rues de Paris et pouvoir se garer juste devant le bar ou le restaurant que l\u2019on d\u00e9sire. Mais j\u2019avoue que par moment, le m\u00e9tro me manque. J\u2019adorais y aller pour voir les gens, m\u2019imaginer des choses, les critiquer et regarder leur style vestimentaire. (NB. A la relecture de l\u2019interview, je suis revenu au m\u00e9tro d\u00fb aux embrassades de mon scooter avec une voiture)<\/p>\n<p><strong>? <\/strong><strong>Ton arrondissement pr\u00e9f\u00e9r\u00e9 ?<\/strong><br \/>\nEtant banlieusard, j\u2019aurai d\u00fb mal \u00e0 le dire. Pour y habiter, j\u2019aurai dit le 17\u00e8me car proche de ce que je connais. Mais j\u2019avoue avoir un faible pour le 5\u00e8me. C\u2019est un quartier et un arrondissement que l\u2019on oublie facilement car loin des hot spots parisiens, mais j\u2019aime bien y trainer mes gu\u00eatres.<\/p>\n<p><strong>? <\/strong><strong>Ton lieu pr\u00e9f\u00e9r\u00e9 ?<\/strong><br \/>\nDur de choisir&#8230; Il y a toujours un lieu ou l&rsquo;\u00e9motion nous dicte de vouloir sans cesse y retourner&#8230; Le parc Monceau et ses saules pleureurs ?<\/p>\n<p><strong>? <\/strong><strong>Le mot de la fin ?<\/strong><br \/>\nTout \u00e0 bord, merci Deedee pour cet interview, un jeu assez ardu malgr\u00e9 soi qui nous replonge dans des songes et des divagations\u2026 Enfin pour ma part. Pour un dernier mot sur Paris, je dirais que l\u2019on ne peut qu\u2019aimer Paris car ce qui fait Paris, c\u2019est que chacun peut faire son Paris.<\/p>\n<p><em><strong>Retrouvez l\u2019int\u00e9gralit\u00e9 des interviews parisiennes et les chouettes adresses des interview\u00e9s <a title=\"Interviews parisiennes\" href=\"..\/..\/category\/les-interviews-parisiennes\" target=\"_blank\">ici<\/a> !<\/strong><\/em><\/p>\n","protected":false},"excerpt":{"rendered":"<p>\u00a9photo Roman Jehanno Nouvelle semaine&#8230; nouvelle interview parisienne ! J&rsquo;esp\u00e8re que vous aimez toujours le genre. Je m&rsquo;inqui\u00e8te devant le peu de r\u00e9actions suscit\u00e9es par les \u00e9ditions pr\u00e9c\u00e9dentes. Vous noterez que je tente d\u00e9sesp\u00e9r\u00e9ment d&rsquo;app\u00e2ter le chaland en collant du beau gosse \u00e0 tout va. D&rsquo;abord Guillaume et cette semaine S\u00e9bastien. S\u00e9bastien est le blogueur [&hellip;]<\/p>\n","protected":false},"author":2,"featured_media":19669,"comment_status":"open","ping_status":"open","sticky":false,"template":"","format":"standard","meta":{"_acf_changed":false,"footnotes":""},"categories":[24],"tags":[3388,3393,2246,3394,3391,3392,995,60,1555,3255,3390,3387,3389],"class_list":["post-8946","post","type-post","status-publish","format-standard","has-post-thumbnail","hentry","category-les-interviews-parisiennes","tag-bar-insolite-paris","tag-blog-homme","tag-blog-masculin","tag-blog-mode-homme","tag-coupe-chou","tag-dandies","tag-interview-parisienne","tag-paris","tag-paris-insolite","tag-paris-originale","tag-restaurant-insolite","tag-roman-jehanno","tag-visite-paris"],"acf":[],"geo":null,"_links":{"self":[{"href":"https:\/\/www.deedeeparis.com\/blog\/wp-json\/wp\/v2\/posts\/8946","targetHints":{"allow":["GET"]}}],"collection":[{"href":"https:\/\/www.deedeeparis.com\/blog\/wp-json\/wp\/v2\/posts"}],"about":[{"href":"https:\/\/www.deedeeparis.com\/blog\/wp-json\/wp\/v2\/types\/post"}],"author":[{"embeddable":true,"href":"https:\/\/www.deedeeparis.com\/blog\/wp-json\/wp\/v2\/users\/2"}],"replies":[{"embeddable":true,"href":"https:\/\/www.deedeeparis.com\/blog\/wp-json\/wp\/v2\/comments?post=8946"}],"version-history":[{"count":5,"href":"https:\/\/www.deedeeparis.com\/blog\/wp-json\/wp\/v2\/posts\/8946\/revisions"}],"predecessor-version":[{"id":8967,"href":"https:\/\/www.deedeeparis.com\/blog\/wp-json\/wp\/v2\/posts\/8946\/revisions\/8967"}],"wp:featuredmedia":[{"embeddable":true,"href":"https:\/\/www.deedeeparis.com\/blog\/wp-json\/wp\/v2\/media\/19669"}],"wp:attachment":[{"href":"https:\/\/www.deedeeparis.com\/blog\/wp-json\/wp\/v2\/media?parent=8946"}],"wp:term":[{"taxonomy":"category","embeddable":true,"href":"https:\/\/www.deedeeparis.com\/blog\/wp-json\/wp\/v2\/categories?post=8946"},{"taxonomy":"post_tag","embeddable":true,"href":"https:\/\/www.deedeeparis.com\/blog\/wp-json\/wp\/v2\/tags?post=8946"}],"curies":[{"name":"wp","href":"https:\/\/api.w.org\/{rel}","templated":true}]}}