{"id":916,"date":"2008-08-11T09:00:00","date_gmt":"2008-08-11T09:00:00","guid":{"rendered":"https:\/\/www.deedeeparis.com\/wordpress\/1944-l-interview-parisienne-de-la-semaine-misshello"},"modified":"2008-08-11T09:00:00","modified_gmt":"2008-08-11T09:00:00","slug":"l-interview-parisienne-de-la-semaine-misshello","status":"publish","type":"post","link":"https:\/\/www.deedeeparis.com\/blog\/l-interview-parisienne-de-la-semaine-misshello","title":{"rendered":"L&rsquo;interview parisienne de la semaine : MissHello"},"content":{"rendered":"<p><img decoding=\"async\" src=\"\/blog\/images\/ITV-Paris\/MissHello.jpg\" alt=\"\" \/><\/p>\n<p>C&rsquo;est Elodie, auteure de <a href=\"http:\/\/www.misshello.com\/\">MissHello<\/a> et cr\u00e9atrice du <a href=\"http:\/\/www.lenuagedesfilles.com\/v2\/index.php\">Nuage des Filles<\/a> qui nous livre sa version parisienne cette semaine.<\/p>\n<p>Je compte sur votre bon accueil malgr\u00e9 les vacances&nbsp;!<\/p>\n<p><strong>Qui es-tu ?<\/strong><\/p>\n<p>Elodie, jeune cr\u00e9atrice d&rsquo;entreprise, 31 ans, femme et maman heureuse<\/p>\n<p><strong>Te d\u00e9finirais-tu comme une parisienne de naissance, une parisienne de c&#339;ur ou une parisienne de passage ?<\/strong><\/p>\n<p>Une parisienne d&rsquo;adoption qui ne souhaite pas quitter cette magnifique ville.<\/p>\n<p><strong>Si tu devais d\u00e9finir Paris en quelques mots&#8230;<\/strong><\/p>\n<p>Lumineuse, Harmonieuse, Magnifique, Grande dame, Majestueuse, Remplie de SDF<\/p>\n<p><strong>Si Paris \u00e9tait une chanson ?<\/strong><\/p>\n<p>La vie en rose d&rsquo;Edith Piaf<\/p>\n<p><div style=\"width:220px;height:55px;\"><object width=\"220\" height=\"55\"><param name=\"movie\" value=\"http:\/\/www.deezer.com\/embedded\/small-widget-v2.swf?idSong=15360&#038;colorBackground=0x555552&#038;textColor1=0xFFFFFF&#038;colorVolume=0x39D1FD&#038;autoplay=0\"><\/param><embed src=\"http:\/\/www.deezer.com\/embedded\/small-widget-v2.swf?idSong=15360&#038;colorBackground=0x525252&#038;textColor1=0xFFFFFF&#038;colorVolume=0x39D1FD&#038;autoplay=0\" type=\"application\/x-shockwave-flash\" width=\"220\" height=\"55\"><\/embed><\/object><\/div>\n<p><strong>Si Paris \u00e9tait un parfum ?<\/strong><\/p>\n<p>Un parfum envo\u00fbtant comme le Patchouli<\/p>\n<p><strong>Si tu devais quitter Paris, tu serais&#8230;<\/strong><\/p>\n<p>extr\u00eamement malheureuse \u00e0 moins que \u00e7a soit pour partir \u00e0 New York.<\/p>\n<p><strong>Ton restaurant pr\u00e9f\u00e9r\u00e9 ?<\/strong><\/p>\n<p>L&rsquo;<a href=\"http:\/\/www.oubouffer.com\/restaurant-paris\/qu29322-restaurant-aoc\">Aoc<\/a>, 14 rue des Foss\u00e9s Saint Bernard 75005 Paris, une r\u00f4tisserie \u00e0 tomber, face \u00e0 l&rsquo;IMA.<\/p>\n<p><strong>Ton caf\u00e9\/bar\/salon de th\u00e9 pr\u00e9f\u00e9r\u00e9 ?<\/strong><\/p>\n<p>Le <a href=\"http:\/\/www.pariszoomtv.com\/place.asp?P=Caf%E9+Delmas\">Caf\u00e9 Delmas<\/a>, en raison de sa situation g\u00e9ographique, place de la Contrescarpe.<\/p>\n<p><strong>Ta boutique pr\u00e9f\u00e9r\u00e9e ?<\/strong><\/p>\n<p>La (nouvelle) boutique Zadig et Voltaire de Saint Sulpice.<\/p>\n<p><strong>Pour toi, le m\u00e9tro, c&rsquo;est&#8230;<\/strong><\/p>\n<p>pratique, mais sans plus. J&rsquo;adorerais avoir un scooter (Vespa rouge \u00e0 la selle beige en daim, sinon rien), mais je n&rsquo;ai pas encore franchi le pas.<\/p>\n<p><strong>Ton arrondissement pr\u00e9f\u00e9r\u00e9 ?<\/strong><\/p>\n<p>Le mien, le 5e. Je ne me vois pas habiter ailleurs.<\/p>\n<p><strong>Ton lieu pr\u00e9f\u00e9r\u00e9 ?<\/strong><\/p>\n<p>Le <a href=\"http:\/\/www.senat.fr\/visite\/jardin\/\">Jardin du Luxembourg<\/a> avec le S\u00e9nat qui domine.<\/p>\n","protected":false},"excerpt":{"rendered":"<p><img decoding=\"async\" src=\"\/blog\/images\/ITV-Paris\/MissHello.jpg\" alt=\"\" \/><\/p>\n<p>C&rsquo;est Elodie, auteure de <a href=\"http:\/\/www.misshello.com\/\">MissHello<\/a> et cr\u00e9atrice du <a href=\"http:\/\/www.lenuagedesfilles.com\/v2\/index.php\">Nuage des Filles<\/a> qui nous livre sa version parisienne cette semaine.<\/p>\n<p>Je compte sur votre bon accueil malgr\u00e9 les vacances&nbsp;!<\/p>\n<p><strong>Qui es-tu ?<\/strong><\/p>\n<p>Elodie, jeune cr\u00e9atrice d&rsquo;entreprise, 31 ans, femme et maman heureuse<\/p>\n","protected":false},"author":2,"featured_media":0,"comment_status":"open","ping_status":"open","sticky":false,"template":"","format":"standard","meta":{"_acf_changed":false,"footnotes":""},"categories":[24],"tags":[89,1035,46,827,1030,1034,1031,60,631,1032,1033],"class_list":["post-916","post","type-post","status-publish","format-standard","hentry","category-les-interviews-parisiennes","tag-edith-piaf","tag-interview","tag-jardin-du-luxembourg","tag-laoc","tag-la-vie-en-rose","tag-le-cafe-delmas","tag-paris","tag-parisienne","tag-rue-mouffetard","tag-rue-pietonne-a-paris"],"acf":[],"geo":null,"_links":{"self":[{"href":"https:\/\/www.deedeeparis.com\/blog\/wp-json\/wp\/v2\/posts\/916","targetHints":{"allow":["GET"]}}],"collection":[{"href":"https:\/\/www.deedeeparis.com\/blog\/wp-json\/wp\/v2\/posts"}],"about":[{"href":"https:\/\/www.deedeeparis.com\/blog\/wp-json\/wp\/v2\/types\/post"}],"author":[{"embeddable":true,"href":"https:\/\/www.deedeeparis.com\/blog\/wp-json\/wp\/v2\/users\/2"}],"replies":[{"embeddable":true,"href":"https:\/\/www.deedeeparis.com\/blog\/wp-json\/wp\/v2\/comments?post=916"}],"version-history":[{"count":0,"href":"https:\/\/www.deedeeparis.com\/blog\/wp-json\/wp\/v2\/posts\/916\/revisions"}],"wp:attachment":[{"href":"https:\/\/www.deedeeparis.com\/blog\/wp-json\/wp\/v2\/media?parent=916"}],"wp:term":[{"taxonomy":"category","embeddable":true,"href":"https:\/\/www.deedeeparis.com\/blog\/wp-json\/wp\/v2\/categories?post=916"},{"taxonomy":"post_tag","embeddable":true,"href":"https:\/\/www.deedeeparis.com\/blog\/wp-json\/wp\/v2\/tags?post=916"}],"curies":[{"name":"wp","href":"https:\/\/api.w.org\/{rel}","templated":true}]}}