{"id":9353,"date":"2010-11-22T07:10:42","date_gmt":"2010-11-22T05:10:42","guid":{"rendered":"https:\/\/www.deedeeparis.com\/blog\/?p=9353"},"modified":"2010-11-22T12:55:36","modified_gmt":"2010-11-22T10:55:36","slug":"interview-blog-so-black-tie","status":"publish","type":"post","link":"https:\/\/www.deedeeparis.com\/blog\/interview-blog-so-black-tie","title":{"rendered":"L&rsquo;interview parisienne de la semaine : Pierre-Jean, du blog So Black Tie"},"content":{"rendered":"<p><a href=\"https:\/\/www.deedeeparis.com\/blog\/wp-content\/uploads\/2010\/11\/Soblacktie.jpg\"><img loading=\"lazy\" decoding=\"async\" class=\"shadowless\" title=\"Soblacktie\" src=\"https:\/\/www.deedeeparis.com\/blog\/wp-content\/uploads\/2010\/11\/Soblacktie.jpg\" alt=\"\" width=\"491\" height=\"600\" \/><\/a><\/p>\n<p>Cette semaine, je vous propose de lire les r\u00e9ponses de Pierre-Jean, du blog <a title=\"Blog so black tie\" href=\"http:\/\/www.soblacktie.com\/\" target=\"_blank\">So Black Tie<\/a>, \u00e0 l&rsquo;interview parisienne.<\/p>\n<p>Pierre-Jean tient un blog de mode pour vous, les hommes. Un des rares blogs de ce genre que je picore de temps en temps, pour ses propos, sa vision de la mode, ses trouvailles. Et m\u00eame, pour sa fille du week-end toujours jolie, jamais vulgaire.<\/p>\n<p>Un tr\u00e8s bon blog \u00e0 d\u00e9couvrir, vous l&rsquo;aurez compris, apr\u00e8s avoir lu les r\u00e9ponses de son auteur !<\/p>\n<p><strong>? <\/strong><strong>Qui es-tu ?<\/strong><br \/>\nLe gar\u00e7on un peu s\u00e9rieux dans son costume \u00e0 cravate noire.  C&rsquo;est difficile de se pr\u00e9senter de fa\u00e7on originale ! Bon plus  s\u00e9rieusement, je suis designer graphique, directeur artistique free  lance dans la communication\/print et blogueur mode depuis 3 ans et demi.<\/p>\n<p><strong>? <\/strong><strong>Te  d\u00e9finirais-tu comme un parisien de naissance, un parisien de c\u0153ur ou un  parisien de passage ?<\/strong><br \/>\nJe suis un parisien de passage, au (grand)  d\u00e9sespoir de certain(e)s y compris du mien. C&rsquo;est parce que mon c\u0153ur  est loin de Paris, dans le sud. Mon plus grand plaisir serait d&rsquo;\u00eatre \u00e0  Paris une semaine par mois.<\/p>\n<p><strong>? <\/strong><strong>Si tu devais d\u00e9finir Paris en quelques mots\u2026<\/strong><br \/>\nL&rsquo;\u00e9l\u00e9gance, la culture, la mode, luxe et volupt\u00e9.<\/p>\n<p><strong>? <\/strong><strong>Si  Paris \u00e9tait une chanson ?<\/strong><br \/>\nGeorges de Thomas Arroyo et Noble, paroles  chant\u00e9es par Marc Lavoine, un morceau imagin\u00e9 pour le restaurant Georges  du centre G. Pompidou. Sinon un air de jazz qui viendrait de la rive  gauche.<\/p>\n<p><strong>? <\/strong><strong>Si Paris \u00e9tait un parfum ? <\/strong><br \/>\nDior Homme intense, plus  sombre, plus riche, plus magn\u00e9tique plus sexy que Dior Homme, parce que  Paris a et aura toujours un sulfureux parfum de scandale.<\/p>\n<p><strong>? <\/strong><strong>Si tu  devais quitter Paris, tu serais\u2026 <\/strong><br \/>\nPour quitter Paris il faudrait que je  sois parisien, mais pour aller dans le sens de ta question , je serais  m\u00e9diterran\u00e9en en France ou en Italie, Florence ou Venise.<\/p>\n<p><strong>? <\/strong><strong>Ton  restaurant pr\u00e9f\u00e9r\u00e9 ? <\/strong><br \/>\nLe B\u00f4-Zinc, Av Mozart, dans le 16\u00e8me, plus pour les  souvenirs que je peux y avoir que pour la gastronomie, m\u00eame si on y  mange tr\u00e8s correctement. Je n&rsquo;ai pas eu encore, \u00e0 de rares exceptions  pr\u00e8s, l&rsquo;occasion de d\u00e9couvrir de bons restaurants \u00e0 Paris. Enfin, rien  que les parisiens ne connaissent pas.<\/p>\n<p><strong>? <\/strong><strong>Ton caf\u00e9\/bar\/salon de th\u00e9  pr\u00e9f\u00e9r\u00e9 <\/strong><br \/>\nLe bar Les enfants de Choeur &#8211; 46, rue Saint Anne, 75002  Paris. Ils ont un des meilleurs son \u00e9lectro de Paris, en qualit\u00e9  technique comme en programmation. Je recommande la petite alc\u00f4ve en bas  des escaliers.<\/p>\n<p><strong>? <\/strong><strong>Ta boutique pr\u00e9f\u00e9r\u00e9e <\/strong><br \/>\nColette reste une adresse  incontournable, apr\u00e8s ce que j&rsquo;aime \u00e0 Paris, ce sont les grandes  librairies, Galienani, celles du Palais de Tokyo, celle chez Arcturial  et puis 7L celle de Karl Lagerfeld. En mati\u00e8re de shopping je recommande  \u00e0 ces messieurs, le chausseur cr\u00e9ateur Caulaincourt &#8211; 120 Bld Haussman,  75008 Paris<\/p>\n<p><strong>? <\/strong><strong>Pour toi, le m\u00e9tro, c\u2019est\u2026 <\/strong><br \/>\nC&rsquo;\u00e9tait un stress au  d\u00e9but, \u00e7a l&rsquo;est un peu moins maintenant. Qu&rsquo;il fasse 40 \u00b0c l&rsquo;\u00e9t\u00e9 ou  qu&rsquo;il y ait 30 cm de neige l&rsquo;hiver, quand on sort du m\u00e9tro \u00e0 Ranelagh  il y a toujours une rafale de vent !<\/p>\n<p><strong>? <\/strong><strong>Ton arrondissement pr\u00e9f\u00e9r\u00e9 ? <\/strong><br \/>\nJe vais me faire des ennemis, mais j&rsquo;aime le 16\u00e8me, un arrondissement  calme, trop peut \u00eatre. J&rsquo;adore son architecture. Je fais r\u00e9f\u00e9rence \u00e0 ma  premi\u00e8re r\u00e9ponse, mais pour ma semaine parisienne tous les mois, l&rsquo;id\u00e9al  serait un appart vers Trocad\u00e9ro, une terrasse avec vue sur la Seine  et la tour Eiffel pour recevoir les amis. Depuis trois ans, j&rsquo;ai  d\u00e9couvert le 17\u00e8me autour du Parc Monceau, un 16\u00e8me plus populaire plus  vivant, peut \u00eatre le bon compromis pour moi.<\/p>\n<p><strong>? <\/strong><strong>Ton lieu pr\u00e9f\u00e9r\u00e9  ?<\/strong><br \/>\nJ&rsquo;ai le droit \u00e0 un joker ? Paris est une multitude d&rsquo;endroits tr\u00e8s  agr\u00e9ables, pour respecter le questionnaire je dirais le parc Monceau un  soir d&rsquo;\u00e9t\u00e9 avec des amis autour d&rsquo;une bouteille de champagne.<\/p>\n<p><strong>? <\/strong><strong>Le mot de la fin ? <\/strong><br \/>\nSur cette perspective we are in Paris&#8230;<\/p>\n","protected":false},"excerpt":{"rendered":"<p>Cette semaine, je vous propose de lire les r\u00e9ponses de Pierre-Jean, du blog So Black Tie, \u00e0 l&rsquo;interview parisienne. Pierre-Jean tient un blog de mode pour vous, les hommes. Un des rares blogs de ce genre que je picore de temps en temps, pour ses propos, sa vision de la mode, ses trouvailles. Et m\u00eame, [&hellip;]<\/p>\n","protected":false},"author":2,"featured_media":19564,"comment_status":"open","ping_status":"open","sticky":false,"template":"","format":"standard","meta":{"_acf_changed":false,"footnotes":""},"categories":[24],"tags":[3393,3394,3499,3502,3503,995,3479,3500,3501],"class_list":["post-9353","post","type-post","status-publish","format-standard","has-post-thumbnail","hentry","category-les-interviews-parisiennes","tag-blog-homme","tag-blog-mode-homme","tag-blog-mode-masculin","tag-blog-so-black-tie","tag-colette-paris","tag-interview-parisienne","tag-librairie-palais-de-tokyo","tag-mode-homme","tag-so-black-tie"],"acf":[],"geo":null,"_links":{"self":[{"href":"https:\/\/www.deedeeparis.com\/blog\/wp-json\/wp\/v2\/posts\/9353","targetHints":{"allow":["GET"]}}],"collection":[{"href":"https:\/\/www.deedeeparis.com\/blog\/wp-json\/wp\/v2\/posts"}],"about":[{"href":"https:\/\/www.deedeeparis.com\/blog\/wp-json\/wp\/v2\/types\/post"}],"author":[{"embeddable":true,"href":"https:\/\/www.deedeeparis.com\/blog\/wp-json\/wp\/v2\/users\/2"}],"replies":[{"embeddable":true,"href":"https:\/\/www.deedeeparis.com\/blog\/wp-json\/wp\/v2\/comments?post=9353"}],"version-history":[{"count":5,"href":"https:\/\/www.deedeeparis.com\/blog\/wp-json\/wp\/v2\/posts\/9353\/revisions"}],"predecessor-version":[{"id":9360,"href":"https:\/\/www.deedeeparis.com\/blog\/wp-json\/wp\/v2\/posts\/9353\/revisions\/9360"}],"wp:featuredmedia":[{"embeddable":true,"href":"https:\/\/www.deedeeparis.com\/blog\/wp-json\/wp\/v2\/media\/19564"}],"wp:attachment":[{"href":"https:\/\/www.deedeeparis.com\/blog\/wp-json\/wp\/v2\/media?parent=9353"}],"wp:term":[{"taxonomy":"category","embeddable":true,"href":"https:\/\/www.deedeeparis.com\/blog\/wp-json\/wp\/v2\/categories?post=9353"},{"taxonomy":"post_tag","embeddable":true,"href":"https:\/\/www.deedeeparis.com\/blog\/wp-json\/wp\/v2\/tags?post=9353"}],"curies":[{"name":"wp","href":"https:\/\/api.w.org\/{rel}","templated":true}]}}