{"id":9534,"date":"2010-12-04T09:24:30","date_gmt":"2010-12-04T07:24:30","guid":{"rendered":"https:\/\/www.deedeeparis.com\/blog\/?p=9534"},"modified":"2010-12-04T09:31:58","modified_gmt":"2010-12-04T07:31:58","slug":"sortir-a-paris-3","status":"publish","type":"post","link":"https:\/\/www.deedeeparis.com\/blog\/sortir-a-paris-3","title":{"rendered":"Br\u00e8ves du week-end #78"},"content":{"rendered":"<p><a href=\"https:\/\/www.deedeeparis.com\/blog\/wp-content\/uploads\/2010\/12\/nana-dimanche-copie.jpg\"><img loading=\"lazy\" decoding=\"async\" class=\"alignnone size-full wp-image-9569\" title=\"nana-dimanche-copie\" src=\"https:\/\/www.deedeeparis.com\/blog\/wp-content\/uploads\/2010\/12\/nana-dimanche-copie.jpg\" alt=\"\" width=\"500\" height=\"332\" \/><\/a><\/p>\n<p>Pfff oui, je sais&#8230; voil\u00e0 un moment que j&rsquo;ai laiss\u00e9 tomber les br\u00e8ves&#8230; Trop de boulot, week-end trop courts&#8230; on a pas des vies faciles !<\/p>\n<p>Ce week-end \u00e9tant nonobstant riche en occupations diverses zet vari\u00e9es, hop, je me rattrape !<\/p>\n<p><strong>? <\/strong><strong>Un bien joli projet qui vient de sortir : Le Cool. <\/strong><\/p>\n<p><a href=\"https:\/\/www.deedeeparis.com\/blog\/wp-content\/uploads\/2010\/12\/coolcouv2.jpg\"><img loading=\"lazy\" decoding=\"async\" class=\"alignnone size-medium wp-image-9565\" title=\"Le Cool Paris\" src=\"https:\/\/www.deedeeparis.com\/blog\/wp-content\/uploads\/2010\/12\/coolcouv2-499x317.jpg\" alt=\"\" width=\"499\" height=\"317\" \/><\/a><\/p>\n<p>Au programme : sorties, concerts, expos, restos&#8230; Voil\u00e0 un petit guide parisien dr\u00f4lement malin pour sortir du train-train quotidien !<\/p>\n<p>A retrouver sur le site du <a title=\"Le cool Paris\" href=\"http:\/\/paris.lecool.com\/paris\/fr\/issue\/247\" target=\"_blank\">Cool<\/a>.<\/p>\n<p><strong>? <\/strong><strong> <\/strong><strong>Du shopping et des bulles : on ne pr\u00e9sente plus les excellentes ventes de <a title=\"marieluvpink\" href=\"http:\/\/www.marieluvpink.com\/\" target=\"_blank\">MarieLuvPink<\/a> ! <\/strong><\/p>\n<p>Rendez-vous pour cette cession chez <a title=\"Goldymama\" href=\"www.goldymama.com\" target=\"_blank\">Goldymama<\/a>, pour y d\u00e9nicher des n\u0153uds papillons d\u00e9clinables en colliers, serre-t\u00eate, bracelets&#8230; cr\u00e9\u00e9s par <a title=\"Laurent Desgrange\" href=\"http:\/\/www.laurentdesgrange.com\/\" target=\"_blank\">Laurent Desgrange<\/a>, les bijoux <a title=\"Pascale Monvoisin bijoux\" href=\"http:\/\/www.pascalemonvoisin.com\/\" target=\"_blank\">Pascale Monvoisin<\/a> ainsi qu&rsquo;une s\u00e9lection de cadeaux d\u00e9co vintage.<\/p>\n<p>Hop :<\/p>\n<p><strong>SHOPPING &amp; BUBBLES and Chocolate<br \/>\n(Paiement en esp\u00e8ces)<br \/>\nLe 4 D\u00e9cembre de 12h \u00e0 22h<br \/>\nChez GOLDYMAMA 14, rue Surmelin &#8211; PARIS 20\u00e8me<br \/>\nEntr\u00e9e Libre<!--more--><\/strong><\/p>\n<p><strong>? <\/strong><strong> <\/strong><strong>Fan de Miss Tic ? <\/strong><\/p>\n<p>Rendez-vous \u00e0 la Galerie W demain, dimanche 12 d\u00e9cembre 2010 de 15h00-18h30 o\u00f9 la dame d\u00e9dicacera son ouvrage.<\/p>\n<p>Vous pourrez ensuite retrouver l&rsquo;exposition A LA VIE, A L&rsquo;AMOR (<a title=\"Miss tic a la vie a l'amor\" href=\"https:\/\/www.deedeeparis.com\/blog\/photos-arles\" target=\"_blank\">remember<\/a> ?)\u00a0 jusqu\u2019au 12 janvier 2011.<\/p>\n<p><object classid=\"clsid:d27cdb6e-ae6d-11cf-96b8-444553540000\" width=\"500\" height=\"306\" codebase=\"http:\/\/download.macromedia.com\/pub\/shockwave\/cabs\/flash\/swflash.cab#version=6,0,40,0\"><param name=\"allowFullScreen\" value=\"true\" \/><param name=\"allowscriptaccess\" value=\"always\" \/><param name=\"src\" value=\"http:\/\/www.youtube.com\/v\/5Qj-d_Xpm4I?fs=1&amp;hl=fr_FR\" \/><param name=\"allowfullscreen\" value=\"true\" \/><embed type=\"application\/x-shockwave-flash\" width=\"500\" height=\"306\" src=\"http:\/\/www.youtube.com\/v\/5Qj-d_Xpm4I?fs=1&amp;hl=fr_FR\" allowscriptaccess=\"always\" allowfullscreen=\"true\"><\/embed><\/object><\/p>\n<p><strong>?Du th\u00e9 et du tricot ? Rendez-vous \u00e0 mon beloved Palais de Tokyo :<br \/>\n<\/strong><\/p>\n<p><a href=\"https:\/\/www.deedeeparis.com\/blog\/wp-content\/uploads\/2010\/12\/Golden-Hook.jpg\"><img loading=\"lazy\" decoding=\"async\" class=\"alignnone size-medium wp-image-9562\" title=\"Golden Hook\" src=\"https:\/\/www.deedeeparis.com\/blog\/wp-content\/uploads\/2010\/12\/Golden-Hook-500x907.jpg\" alt=\"\" width=\"500\" height=\"907\" \/><\/a><\/p>\n<p>J&rsquo;en profite pour dire \u00e0 toutes les adorables grands-m\u00e8res qui m&rsquo;envoient encore (myst\u00e9rieusement !) au moins 5 mails par semaine que NON, je ne suis pas aux commandes de Golden Hook, je ne recrute pas de tricoteuses ! Essayez de contacter directement la marque \u00e0 cette adresse : <a title=\"Golden hook\" href=\"http:\/\/www.goldenhook.fr\/contacts\" target=\"_blank\">http:\/\/www.goldenhook.fr\/contacts<\/a><\/p>\n<p>Joyeux week-end \u00e0 tous !<\/p>\n","protected":false},"excerpt":{"rendered":"<p>Pfff oui, je sais&#8230; voil\u00e0 un moment que j&rsquo;ai laiss\u00e9 tomber les br\u00e8ves&#8230; Trop de boulot, week-end trop courts&#8230; on a pas des vies faciles ! Ce week-end \u00e9tant nonobstant riche en occupations diverses zet vari\u00e9es, hop, je me rattrape ! ? Un bien joli projet qui vient de sortir : Le Cool. Au programme [&hellip;]<\/p>\n","protected":false},"author":2,"featured_media":9569,"comment_status":"open","ping_status":"open","sticky":false,"template":"","format":"standard","meta":{"_acf_changed":false,"footnotes":""},"categories":[8],"tags":[3226,1362,3319,3546,3547,3225,741,3548,3545,3544,2400,9,1556],"class_list":["post-9534","post","type-post","status-publish","format-standard","has-post-thumbnail","hentry","category-chroniques-de-paris","tag-blog-marieluvpink","tag-golden-hook","tag-goldymama","tag-laurent-desgrange","tag-le-cool-paris","tag-marieluvpink","tag-miss-tic","tag-miss-tic-a-la-vie-a-lamor","tag-pascale-monvoisin","tag-pascale-monvoisin-bijoux","tag-shopping-bubbles","tag-sortir-a-paris","tag-street-art-paris"],"acf":[],"geo":null,"_links":{"self":[{"href":"https:\/\/www.deedeeparis.com\/blog\/wp-json\/wp\/v2\/posts\/9534","targetHints":{"allow":["GET"]}}],"collection":[{"href":"https:\/\/www.deedeeparis.com\/blog\/wp-json\/wp\/v2\/posts"}],"about":[{"href":"https:\/\/www.deedeeparis.com\/blog\/wp-json\/wp\/v2\/types\/post"}],"author":[{"embeddable":true,"href":"https:\/\/www.deedeeparis.com\/blog\/wp-json\/wp\/v2\/users\/2"}],"replies":[{"embeddable":true,"href":"https:\/\/www.deedeeparis.com\/blog\/wp-json\/wp\/v2\/comments?post=9534"}],"version-history":[{"count":5,"href":"https:\/\/www.deedeeparis.com\/blog\/wp-json\/wp\/v2\/posts\/9534\/revisions"}],"predecessor-version":[{"id":9574,"href":"https:\/\/www.deedeeparis.com\/blog\/wp-json\/wp\/v2\/posts\/9534\/revisions\/9574"}],"wp:featuredmedia":[{"embeddable":true,"href":"https:\/\/www.deedeeparis.com\/blog\/wp-json\/wp\/v2\/media\/9569"}],"wp:attachment":[{"href":"https:\/\/www.deedeeparis.com\/blog\/wp-json\/wp\/v2\/media?parent=9534"}],"wp:term":[{"taxonomy":"category","embeddable":true,"href":"https:\/\/www.deedeeparis.com\/blog\/wp-json\/wp\/v2\/categories?post=9534"},{"taxonomy":"post_tag","embeddable":true,"href":"https:\/\/www.deedeeparis.com\/blog\/wp-json\/wp\/v2\/tags?post=9534"}],"curies":[{"name":"wp","href":"https:\/\/api.w.org\/{rel}","templated":true}]}}