{"id":9593,"date":"2010-12-06T07:38:46","date_gmt":"2010-12-06T05:38:46","guid":{"rendered":"https:\/\/www.deedeeparis.com\/blog\/?p=9593"},"modified":"2013-04-11T17:12:29","modified_gmt":"2013-04-11T15:12:29","slug":"pull-marilyn-darel","status":"publish","type":"post","link":"https:\/\/www.deedeeparis.com\/blog\/pull-marilyn-darel","title":{"rendered":"Poo Poo Pi Doo&#8230; Poo !"},"content":{"rendered":"<p><a href=\"https:\/\/www.deedeeparis.com\/blog\/wp-content\/uploads\/2010\/07\/Pull-marilyn-monroe-darel.jpg\"><img loading=\"lazy\" decoding=\"async\" class=\"alignnone size-full wp-image-7044\" title=\"Pull-marilyn-monroe-darel\" src=\"https:\/\/www.deedeeparis.com\/blog\/wp-content\/uploads\/2010\/07\/Pull-marilyn-monroe-darel.jpg\" alt=\"\" width=\"500\" height=\"630\" \/><\/a><\/p>\n<p>On commence la semaine sur les chapeaux de roues avec un petit concours. Ah, vous voyez que je ne vous laisse pas tomber !<\/p>\n<p>Or donc, cette fois-ci, il s&rsquo;agit de <strong>gagner une soir\u00e9e<\/strong>, et non des moindres.<\/p>\n<p><strong>Le 14 d\u00e9cembre prochain<\/strong>, my beloved Darel organise une sauterie d\u00e9di\u00e9e \u00e0 Marilyn et au film \u00ab<em> Le milliardaire<\/em> \u00bb dans lequel elle porte le <a title=\"Pull Darel Marilyn\" href=\"https:\/\/www.deedeeparis.com\/blog\/pull-marilyn-gerard-darel-2\" target=\"_blank\">fameux pull \u00e0 torsade<\/a>. Soir\u00e9e \u00e0 laquelle je suis convi\u00e9e en tant que blogueuse over mega influente, \u00e9videmment.<\/p>\n<p>Jusque l\u00e0, vous vous dites \u00ab\u00a0<em>moui, bon, ok<\/em>, <em>super quoi<\/em>\u00ab\u00a0.<\/p>\n<p>Sauf que. Je vous propose de m&rsquo;accompagner \u00e0 cette soir\u00e9e.<\/p>\n<p>Au programme : pr\u00e9sentation du nouveau mod\u00e8le beige par\u00e9 d&rsquo;un fil dor\u00e9 du pull Marilyn en \u00e9dition limit\u00e9e (seules 300 pi\u00e8ces de ce pull seront propos\u00e9es en exclusivit\u00e9 sur le eshop de la marque). Mais ce n&rsquo;est pas tout. Lors de cette soir\u00e9e, vous pourrez \u00e9galement rencontrer Val\u00e9rie Gerbi, la Directrice Artistique de Gerard Darel. Et profiter d&rsquo;une s\u00e9ance photo o\u00f9 vous pourrez cr\u00e9er votre propre clich\u00e9 culte fa\u00e7on \u00ab\u00a0<em>Marilyn<\/em> \u00bb&#8230; si si, comme sur la photo qui illustre l&rsquo;article, l\u00e0. Beaux gosses inclus !<\/p>\n<p><strong>? <\/strong><strong><\/strong><strong>Gniii je veux gagner, comment faire ?<\/strong><\/p>\n<p>Pour participer, il faut :<\/p>\n<ul>\n<li>\u00eatre disponible le <strong>14 d\u00e9cembre prochain \u00e0 partir de 19h<\/strong> pour assister \u00e0 la soir\u00e9e qui aura lieu \u00e0 Paris (si vous n&rsquo;\u00eates pas parisienne mais que vous souhaitez participer quand m\u00eame, aucun souci, mais attention, je doute que la marque prenne \u00e0 sa charge les frais inh\u00e9rents \u00e0 votre d\u00e9placement).<\/li>\n<li>r\u00e9pondre dans les commentaires \u00e0 cette question : <strong>quelle est la date de naissance de Marilyn ?<\/strong> (trop facile, je sais)<\/li>\n<li>et pis c&rsquo;est tout ! Comme d&rsquo;habitude, pensez \u00e0 <strong>laisser votre mail <\/strong>dans le champs pr\u00e9vu \u00e0 cette effet (non, pas dans le commentaire lui-m\u00eame&#8230;) afin que je puisse contacter la gagnante.<\/li>\n<li>Vous pouvez participer jusqu&rsquo;\u00e0 <strong>mercredi 8 d\u00e9cembre, minuit<\/strong>.<\/li>\n<\/ul>\n<p>Bonne chance !<\/p>\n","protected":false},"excerpt":{"rendered":"<p>On commence la semaine sur les chapeaux de roues avec un petit concours. Ah, vous voyez que je ne vous laisse pas tomber ! Or donc, cette fois-ci, il s&rsquo;agit de gagner une soir\u00e9e, et non des moindres. Le 14 d\u00e9cembre prochain, my beloved Darel organise une sauterie d\u00e9di\u00e9e \u00e0 Marilyn et au film \u00ab [&hellip;]<\/p>\n","protected":false},"author":2,"featured_media":7044,"comment_status":"open","ping_status":"open","sticky":false,"template":"","format":"standard","meta":{"_acf_changed":false,"footnotes":""},"categories":[5434,15,7],"tags":[3556,2168,1437,133,3554,3102,3555,3104],"class_list":["post-9593","post","type-post","status-publish","format-standard","has-post-thumbnail","hentry","category-oldies-but-goodies","category-jeux-concours","category-shopping","tag-comment-porter-le-pull-irlandais","tag-concours-blog","tag-gaston-le-mouton-de-la-mode","tag-gerard-darel","tag-marilyn-monroe","tag-pull-darel","tag-pull-irlandais","tag-pull-marilyn-darel"],"acf":[],"geo":null,"_links":{"self":[{"href":"https:\/\/www.deedeeparis.com\/blog\/wp-json\/wp\/v2\/posts\/9593","targetHints":{"allow":["GET"]}}],"collection":[{"href":"https:\/\/www.deedeeparis.com\/blog\/wp-json\/wp\/v2\/posts"}],"about":[{"href":"https:\/\/www.deedeeparis.com\/blog\/wp-json\/wp\/v2\/types\/post"}],"author":[{"embeddable":true,"href":"https:\/\/www.deedeeparis.com\/blog\/wp-json\/wp\/v2\/users\/2"}],"replies":[{"embeddable":true,"href":"https:\/\/www.deedeeparis.com\/blog\/wp-json\/wp\/v2\/comments?post=9593"}],"version-history":[{"count":5,"href":"https:\/\/www.deedeeparis.com\/blog\/wp-json\/wp\/v2\/posts\/9593\/revisions"}],"predecessor-version":[{"id":9595,"href":"https:\/\/www.deedeeparis.com\/blog\/wp-json\/wp\/v2\/posts\/9593\/revisions\/9595"}],"wp:featuredmedia":[{"embeddable":true,"href":"https:\/\/www.deedeeparis.com\/blog\/wp-json\/wp\/v2\/media\/7044"}],"wp:attachment":[{"href":"https:\/\/www.deedeeparis.com\/blog\/wp-json\/wp\/v2\/media?parent=9593"}],"wp:term":[{"taxonomy":"category","embeddable":true,"href":"https:\/\/www.deedeeparis.com\/blog\/wp-json\/wp\/v2\/categories?post=9593"},{"taxonomy":"post_tag","embeddable":true,"href":"https:\/\/www.deedeeparis.com\/blog\/wp-json\/wp\/v2\/tags?post=9593"}],"curies":[{"name":"wp","href":"https:\/\/api.w.org\/{rel}","templated":true}]}}